{"id":479226,"date":"2017-05-16T10:20:09","date_gmt":"2017-05-16T15:20:09","guid":{"rendered":"https:\/\/www.futboltotal.com.mx\/?p=479226"},"modified":"2017-05-16T10:20:09","modified_gmt":"2017-05-16T15:20:09","slug":"morelia-amarro-al-goleador-raul-ruidiaz-4-anos","status":"publish","type":"post","link":"http:\/\/desarrollo.grupomedios.com\/futbol\/futbol-mexicano\/morelia-amarro-al-goleador-raul-ruidiaz-4-anos\/2017\/05","title":{"rendered":"Morelia amarr\u00f3 al goleador Ra\u00fal Ruid\u00edaz por 4 a\u00f1os m\u00e1s"},"content":{"rendered":"<p><strong>Monarcas Morelia<\/strong> sabe que su figura, el peruano <strong>Ra\u00fal Ruid\u00edaz<\/strong>, es pretendido por diversos equipos de la Liga MX, e incluso del extranjero, luego de haber conseguido el bicampeonato de goleo en el futbol mexicano, por lo que tom\u00f3 sus precauciones y lo firm\u00f3 por 4 a\u00f1os m\u00e1s.<\/p>\n<p>&#8220;Acabamos de firmar un contrato por cuatro a\u00f1os y nos vamos a sentar con \u00e9l a ver qu\u00e9 est\u00e1 pensando, aunque yo ya lo hice antes de salir a <strong>Tijuana<\/strong>; \u00e9l est\u00e1 feliz en <strong>Morelia<\/strong> y espero que vamos a continuar con \u00e9l. Blindado est\u00e1 con un contrato de cuatro a\u00f1os. (Si no es as\u00ed), no s\u00e9 como qu\u00e9 ser\u00eda, c\u00f3mo blindarlo&#8221;, declar\u00f3 \u00c1lvaro D\u00e1vila, presidente de <em>Monarcas<\/em>, para Medio Tiempo.<\/p>\n<p>Adem\u00e1s, el directivo conf\u00eda que en las pr\u00f3ximas semanas <strong>Ruid\u00edaz<\/strong> deje atr\u00e1s la lesi\u00f3n grado II de ligamento medial de la rodilla izquierda que sufri\u00f3 en el primer choque ante <strong>Tijuana<\/strong>.<\/p>\n<p style=\"text-align: center;\"><a href=\"https:\/\/www.futboltotal.com.mx\/2017\/05\/joffre-guerron-extrana-a-cruz-azul\/\" target=\"_blank\"><span style=\"color: #333399;\">VER M\u00c1S: Guerr\u00f3n volvi\u00f3 a lucir uniforme de Cruz Azul<\/span><\/a><\/p>\n<p>&#8220;Esperamos que ahora con las vacaciones, seguramente va a regresar recuperado&#8221;, asegur\u00f3 D\u00e1vila.<\/p>\n<p>Finalmente, el futuro del t\u00e9cnico <strong>Roberto Hern\u00e1ndez<\/strong> parece apuntar a que siga al frente de <em>Monarcas<\/em> luego de haber evitado que el club descendiera al Ascenso MX y la directiva conf\u00ede en \u00e9l para comandar su proyecto.<\/p>\n<p>&#8220;A\u00fan no est\u00e1 firmado Roberto, pero yo creo que en esta semana, estaremos formalizando el siguiente compromiso para ya empezar a planear. (La renovaci\u00f3n) es toda la intenci\u00f3n del club y creo que de \u00e9l tambi\u00e9n. Nos vamos a juntar a ver \u00e9l qu\u00e9 est\u00e1 pensando, \u00e9l es gente de casa y no creo que vayamos a tener ning\u00fan problema&#8221;, dijo el presidente del Morelia.<\/p>\n<p style=\"text-align: center;\"><a href=\"https:\/\/www.futboltotal.com.mx\/2017\/05\/matias-almeyda-responde-a-las-criticas-comentarista-espn\/\" target=\"_blank\"><span style=\"color: #333399;\">VER M\u00c1S: Mat\u00edas Almeyda responde a las cr\u00edticas de comentarista de ESPN<\/span><\/a><\/p>\n","protected":false},"excerpt":{"rendered":"<p>Morelia brind\u00f3 al peruano Ra\u00fal Ruid\u00edaz ante el inter\u00e9s de varios clubes.<\/p>\n","protected":false},"author":20,"featured_media":479233,"comment_status":"closed","ping_status":"closed","sticky":false,"template":"","format":"standard","meta":[],"categories":[7740,2198,3845],"tags":[64,85,5967,7620],"_links":{"self":[{"href":"http:\/\/desarrollo.grupomedios.com\/futbol\/wp-json\/wp\/v2\/posts\/479226"}],"collection":[{"href":"http:\/\/desarrollo.grupomedios.com\/futbol\/wp-json\/wp\/v2\/posts"}],"about":[{"href":"http:\/\/desarrollo.grupomedios.com\/futbol\/wp-json\/wp\/v2\/types\/post"}],"author":[{"embeddable":true,"href":"http:\/\/desarrollo.grupomedios.com\/futbol\/wp-json\/wp\/v2\/users\/20"}],"replies":[{"embeddable":true,"href":"http:\/\/desarrollo.grupomedios.com\/futbol\/wp-json\/wp\/v2\/comments?post=479226"}],"version-history":[{"count":1,"href":"http:\/\/desarrollo.grupomedios.com\/futbol\/wp-json\/wp\/v2\/posts\/479226\/revisions"}],"predecessor-version":[{"id":479234,"href":"http:\/\/desarrollo.grupomedios.com\/futbol\/wp-json\/wp\/v2\/posts\/479226\/revisions\/479234"}],"wp:featuredmedia":[{"embeddable":true,"href":"http:\/\/desarrollo.grupomedios.com\/futbol\/wp-json\/wp\/v2\/media\/479233"}],"wp:attachment":[{"href":"http:\/\/desarrollo.grupomedios.com\/futbol\/wp-json\/wp\/v2\/media?parent=479226"}],"wp:term":[{"taxonomy":"category","embeddable":true,"href":"http:\/\/desarrollo.grupomedios.com\/futbol\/wp-json\/wp\/v2\/categories?post=479226"},{"taxonomy":"post_tag","embeddable":true,"href":"http:\/\/desarrollo.grupomedios.com\/futbol\/wp-json\/wp\/v2\/tags?post=479226"}],"curies":[{"name":"wp","href":"https:\/\/api.w.org\/{rel}","templated":true}]}}