{"id":479229,"date":"2017-05-16T10:22:39","date_gmt":"2017-05-16T15:22:39","guid":{"rendered":"https:\/\/www.futboltotal.com.mx\/?p=479229"},"modified":"2017-05-16T10:22:39","modified_gmt":"2017-05-16T15:22:39","slug":"aficionados-tunden-a-ochoa-y-al-granada","status":"publish","type":"post","link":"http:\/\/desarrollo.grupomedios.com\/futbol\/futbol-internacional\/aficionados-tunden-a-ochoa-y-al-granada\/2017\/05","title":{"rendered":"Aficionados tunden a Ochoa y al Granada"},"content":{"rendered":"<p>Luego de los resultados obtenidos esta temporada por el club de futbol <strong>Granada<\/strong>, donde milita el mexicano <strong>Guillermo Ochoa<\/strong>, los grupos de aficionados congregados en una sola organizaci\u00f3n denominada \u201cG19\u201d han emitido un comunicado en donde acusan al primer equipo de \u201cnula profesionalidad y total falta de compromiso\u201d.<\/p>\n<p>De igual manera, en el escrito se menciona la indignaci\u00f3n de los grupos frente a los responsables de la elaboraci\u00f3n del conjunto y la situaci\u00f3n deportiva del mismo, el cual est\u00e1 condenado al descenso, ya que la directiva \u201cha actuado siempre desde la lejan\u00eda\u201d, as\u00ed como tambi\u00e9n se expone que \u201cni tan siquiera se han dignado a dar las explicaciones necesarias\u201d.<\/p>\n<p style=\"text-align: center;\"><span style=\"color: #3366ff;\"><a style=\"color: #3366ff;\" href=\"https:\/\/www.futboltotal.com.mx\/2017\/05\/guillermo-ochoa-rompio-historico-record-en-espana\/\">VER M\u00c1S: Guillermo Ochoa rompi\u00f3 hist\u00f3rico r\u00e9cord negativo con Granada<\/a><\/span><\/p>\n<p>A trav\u00e9s del mismo medio, \u201cG19\u201d ha pedido a la directiva del <strong>Granada <\/strong>\u00a0que en el \u00faltimo encuentro el equipo use una vestimenta que no sea el primer uniforme, ya que consideran que los jugadores han demostrado no estar a la altura para usar los colores que tanto significan para la afici\u00f3n granadina.<\/p>\n<p>El mismo grupo tambi\u00e9n ha solicitado la inclusi\u00f3n del mayor n\u00famero de canteranos permitido para el \u00faltimo compromiso, as\u00ed como han suplicado al resto de la afici\u00f3n no hacer c\u00e1nticos de apoyo y tampoco llevar banderas, bombos o cualquier instrumento de animaci\u00f3n.<\/p>\n<p>El comunicado concluye mencionando que \u201cG19\u201d desea a la directiva el mayor de los \u00e9xitos en el armado de una plantilla competitiva para la Segunda Divisi\u00f3n de Espa\u00f1a, misma que permita al equipo \u201cregresar a la mayor brevedad posible al lugar que nunca debimos abandonar\u201d.<\/p>\n","protected":false},"excerpt":{"rendered":"<p>Los seguidores del club afirman que el mexicano y la plantilla no deben portar los colores del club en el \u00faltimo partido. <\/p>\n","protected":false},"author":20,"featured_media":456328,"comment_status":"closed","ping_status":"closed","sticky":false,"template":"","format":"standard","meta":[],"categories":[3839,3844,6718],"tags":[700,5991],"_links":{"self":[{"href":"http:\/\/desarrollo.grupomedios.com\/futbol\/wp-json\/wp\/v2\/posts\/479229"}],"collection":[{"href":"http:\/\/desarrollo.grupomedios.com\/futbol\/wp-json\/wp\/v2\/posts"}],"about":[{"href":"http:\/\/desarrollo.grupomedios.com\/futbol\/wp-json\/wp\/v2\/types\/post"}],"author":[{"embeddable":true,"href":"http:\/\/desarrollo.grupomedios.com\/futbol\/wp-json\/wp\/v2\/users\/20"}],"replies":[{"embeddable":true,"href":"http:\/\/desarrollo.grupomedios.com\/futbol\/wp-json\/wp\/v2\/comments?post=479229"}],"version-history":[{"count":1,"href":"http:\/\/desarrollo.grupomedios.com\/futbol\/wp-json\/wp\/v2\/posts\/479229\/revisions"}],"predecessor-version":[{"id":479237,"href":"http:\/\/desarrollo.grupomedios.com\/futbol\/wp-json\/wp\/v2\/posts\/479229\/revisions\/479237"}],"wp:featuredmedia":[{"embeddable":true,"href":"http:\/\/desarrollo.grupomedios.com\/futbol\/wp-json\/wp\/v2\/media\/456328"}],"wp:attachment":[{"href":"http:\/\/desarrollo.grupomedios.com\/futbol\/wp-json\/wp\/v2\/media?parent=479229"}],"wp:term":[{"taxonomy":"category","embeddable":true,"href":"http:\/\/desarrollo.grupomedios.com\/futbol\/wp-json\/wp\/v2\/categories?post=479229"},{"taxonomy":"post_tag","embeddable":true,"href":"http:\/\/desarrollo.grupomedios.com\/futbol\/wp-json\/wp\/v2\/tags?post=479229"}],"curies":[{"name":"wp","href":"https:\/\/api.w.org\/{rel}","templated":true}]}}