{"id":479230,"date":"2017-05-16T10:18:29","date_gmt":"2017-05-16T15:18:29","guid":{"rendered":"https:\/\/www.futboltotal.com.mx\/?p=479230"},"modified":"2017-05-16T10:18:29","modified_gmt":"2017-05-16T15:18:29","slug":"qatar-termina-primer-estadio-mundial-2022","status":"publish","type":"post","link":"http:\/\/desarrollo.grupomedios.com\/futbol\/futbol-internacional\/qatar-termina-primer-estadio-mundial-2022\/2017\/05","title":{"rendered":"Qatar termina el primer estadio para el Mundial de 2022"},"content":{"rendered":"<p>La Asociaci\u00f3n de F\u00fatbol de Catar (QFA, por sus siglas en ingl\u00e9s) ha anunciado que las obras de reforma del estadio Internacional Khalifa, sede del <strong>Mundial de 2022<\/strong>, ya han finalizado.<\/p>\n<p>Seg\u00fan el organismo rector del f\u00fatbol en este pa\u00eds, la inauguraci\u00f3n oficial del escenario, ubicado en Doha, ser\u00e1 el pr\u00f3ximo viernes 17 de mayo a las 18:30, previo a la final de la &#8216;Emir Cup&#8217; entre Al Rayyan y Al Sadd.<\/p>\n<blockquote><p>&#8220;La finalizaci\u00f3n de nuestro primer estadio para la Copa Mundial de la FIFA es un hito importante para Catar y refleja nuestro compromiso de entregar todas las sedes propuestas con suficiente antelaci\u00f3n del torneo&#8221;, dijo Hassan Al Thawadi, secretario general del Comit\u00e9 Organizador.<\/p><\/blockquote>\n<p>Entre los aspectos que m\u00e1s destacan de las obras est\u00e1 la instalaci\u00f3n de la innovadora tecnolog\u00eda de refrigeraci\u00f3n para comodidad de espectadores y jugadores, adem\u00e1s de la ampliaci\u00f3n de su capacidad a &#8220;m\u00e1s de 40.000 espectadores&#8221;.<\/p>\n<p style=\"text-align: center;\"><span style=\"color: #3366ff;\"><a style=\"color: #3366ff;\" href=\"https:\/\/www.futboltotal.com.mx\/2017\/05\/matias-almeyda-responde-a-las-criticas-comentarista-espn\/\">VER M\u00c1S: Mat\u00edas Almeyda responde a las cr\u00edticas de comentarista de ESPN<\/a><\/span><\/p>\n<p><iframe loading=\"lazy\" src=\"https:\/\/www.youtube.com\/embed\/bd_BVBkcks8?feature=oembed\" frameborder=\"0\" allowfullscreen><\/iframe><\/p>\n<p>Adem\u00e1s, la QFA anunci\u00f3 que los aficionados vivir\u00e1n una nueva experiencia en lo referente a la visualizaci\u00f3n de los partidos, pues es el primer estadio de la regi\u00f3n que contar\u00e1 con una &#8220;espectacular iluminaci\u00f3n LED&#8221;, expres\u00f3 MansUr Al-Muhannadi, ingeniero y director de las obras de remodelaci\u00f3n.<\/p>\n<p>En su nuevo dise\u00f1o, la grada del Internacional Khalifa adem\u00e1s estar\u00e1 cubierta por una red de cables de acero de cuatro mil toneladas que dar\u00e1n un aspecto mucho m\u00e1s moderno e innovador a su estructura.<\/p>\n<p>Tras su remodelaci\u00f3n, el estadio albergar\u00e1 adem\u00e1s el partido inaugural y la final de la Copa del Golfo en diciembre. Y en 2019, acoger\u00e1 el Campeonato Mundial de Atletismo de la IAFF. EFE.<\/p>\n","protected":false},"excerpt":{"rendered":"<p>Es el primer estadio que ha sido terminado para el Mundial.<\/p>\n","protected":false},"author":144,"featured_media":479231,"comment_status":"closed","ping_status":"closed","sticky":false,"template":"","format":"standard","meta":[],"categories":[3839,5951],"tags":[6214,3976],"_links":{"self":[{"href":"http:\/\/desarrollo.grupomedios.com\/futbol\/wp-json\/wp\/v2\/posts\/479230"}],"collection":[{"href":"http:\/\/desarrollo.grupomedios.com\/futbol\/wp-json\/wp\/v2\/posts"}],"about":[{"href":"http:\/\/desarrollo.grupomedios.com\/futbol\/wp-json\/wp\/v2\/types\/post"}],"author":[{"embeddable":true,"href":"http:\/\/desarrollo.grupomedios.com\/futbol\/wp-json\/wp\/v2\/users\/144"}],"replies":[{"embeddable":true,"href":"http:\/\/desarrollo.grupomedios.com\/futbol\/wp-json\/wp\/v2\/comments?post=479230"}],"version-history":[{"count":1,"href":"http:\/\/desarrollo.grupomedios.com\/futbol\/wp-json\/wp\/v2\/posts\/479230\/revisions"}],"predecessor-version":[{"id":479232,"href":"http:\/\/desarrollo.grupomedios.com\/futbol\/wp-json\/wp\/v2\/posts\/479230\/revisions\/479232"}],"wp:featuredmedia":[{"embeddable":true,"href":"http:\/\/desarrollo.grupomedios.com\/futbol\/wp-json\/wp\/v2\/media\/479231"}],"wp:attachment":[{"href":"http:\/\/desarrollo.grupomedios.com\/futbol\/wp-json\/wp\/v2\/media?parent=479230"}],"wp:term":[{"taxonomy":"category","embeddable":true,"href":"http:\/\/desarrollo.grupomedios.com\/futbol\/wp-json\/wp\/v2\/categories?post=479230"},{"taxonomy":"post_tag","embeddable":true,"href":"http:\/\/desarrollo.grupomedios.com\/futbol\/wp-json\/wp\/v2\/tags?post=479230"}],"curies":[{"name":"wp","href":"https:\/\/api.w.org\/{rel}","templated":true}]}}