{"id":479235,"date":"2017-05-16T10:41:14","date_gmt":"2017-05-16T15:41:14","guid":{"rendered":"https:\/\/www.futboltotal.com.mx\/?p=479235"},"modified":"2017-05-16T17:20:30","modified_gmt":"2017-05-16T22:20:30","slug":"chilenos-trollearon-a-mexico-recordando-goleada-7-0","status":"publish","type":"post","link":"http:\/\/desarrollo.grupomedios.com\/futbol\/videos\/chilenos-trollearon-a-mexico-recordando-goleada-7-0\/2017\/05","title":{"rendered":"Chilenos trollearon a M\u00e9xico recordando goleada de 7-0"},"content":{"rendered":"<p>A unos meses de que comience la <strong>Copa Confederaciones<\/strong>, en <strong>Chile<\/strong> ya se preparan para el torneo y es por ello que utilizaron la <strong>goleada de 7-0<\/strong> sobre<strong> M\u00e9xico<\/strong> para calentar el certamen.<\/p>\n<p>El canal chileno TVN aprovech\u00f3 la goleada en la Copa Am\u00e9rica Centenario para calentar el torneo y lanzaron un promocional donde aparecen un grupo de &#8220;mexicanos&#8221; que se molestan con un mesero por preguntarles si quieren sus tacos con &#8220;siete chiles&#8221;, mismo n\u00famero de goles que recibi\u00f3 Guillermo Ochoa con el Tricolor en aquel partido de Cuartos de Final.<\/p>\n<p style=\"text-align: center;\"><span style=\"color: #3366ff;\"><a style=\"color: #3366ff;\" href=\"https:\/\/www.futboltotal.com.mx\/2017\/05\/matias-almeyda-responde-a-las-criticas-comentarista-espn\/\">VER M\u00c1S: Mat\u00edas Almeyda responde a las cr\u00edticas de comentarista de ESPN<\/a><\/span><\/p>\n<p>La <strong>Selecci\u00f3n Mexicana<\/strong> qued\u00f3 ubicada en el Grupo A de la Copa Confederaciones y los chilenos en el Grupo B, por lo que se podr\u00edan enfrentar en las Semifinales del torneo o en una final, si ambos clasifican.<\/p>\n<p>Otros que no se salvaron fueron los de la Selecci\u00f3n Argentina, a quienes derrotaron en las \u00faltimas dos finales de Copa Am\u00e9rica, as\u00ed como de Uruguay y Espa\u00f1a.<\/p>\n<blockquote class=\"twitter-tweet\" data-width=\"500\">\n<p lang=\"es\" dir=\"ltr\">Nuestra fama traspas\u00f3 fronteras, \u00a1Que lindo es ser chileno! Esta Copa Confederaciones la vamos a relatar como juega Chile <a href=\"https:\/\/twitter.com\/hashtag\/SinMiedo?src=hash\">#SinMiedo<\/a> <a href=\"https:\/\/t.co\/htMkEUYzDD\">pic.twitter.com\/htMkEUYzDD<\/a><\/p>\n<p>&mdash; TVN (@TVN) <a href=\"https:\/\/twitter.com\/TVN\/status\/859903927273349120\">May 3, 2017<\/a><\/p><\/blockquote>\n<p><script async src=\"\/\/platform.twitter.com\/widgets.js\" charset=\"utf-8\"><\/script><\/p>\n","protected":false},"excerpt":{"rendered":"<p>Los chilenos calentaron el torneo con un promocional.<\/p>\n","protected":false},"author":20,"featured_media":479241,"comment_status":"closed","ping_status":"closed","sticky":false,"template":"","format":"standard","meta":[],"categories":[3839,2198,4],"tags":[406],"_links":{"self":[{"href":"http:\/\/desarrollo.grupomedios.com\/futbol\/wp-json\/wp\/v2\/posts\/479235"}],"collection":[{"href":"http:\/\/desarrollo.grupomedios.com\/futbol\/wp-json\/wp\/v2\/posts"}],"about":[{"href":"http:\/\/desarrollo.grupomedios.com\/futbol\/wp-json\/wp\/v2\/types\/post"}],"author":[{"embeddable":true,"href":"http:\/\/desarrollo.grupomedios.com\/futbol\/wp-json\/wp\/v2\/users\/20"}],"replies":[{"embeddable":true,"href":"http:\/\/desarrollo.grupomedios.com\/futbol\/wp-json\/wp\/v2\/comments?post=479235"}],"version-history":[{"count":1,"href":"http:\/\/desarrollo.grupomedios.com\/futbol\/wp-json\/wp\/v2\/posts\/479235\/revisions"}],"predecessor-version":[{"id":479242,"href":"http:\/\/desarrollo.grupomedios.com\/futbol\/wp-json\/wp\/v2\/posts\/479235\/revisions\/479242"}],"wp:featuredmedia":[{"embeddable":true,"href":"http:\/\/desarrollo.grupomedios.com\/futbol\/wp-json\/wp\/v2\/media\/479241"}],"wp:attachment":[{"href":"http:\/\/desarrollo.grupomedios.com\/futbol\/wp-json\/wp\/v2\/media?parent=479235"}],"wp:term":[{"taxonomy":"category","embeddable":true,"href":"http:\/\/desarrollo.grupomedios.com\/futbol\/wp-json\/wp\/v2\/categories?post=479235"},{"taxonomy":"post_tag","embeddable":true,"href":"http:\/\/desarrollo.grupomedios.com\/futbol\/wp-json\/wp\/v2\/tags?post=479235"}],"curies":[{"name":"wp","href":"https:\/\/api.w.org\/{rel}","templated":true}]}}