{"id":479236,"date":"2017-05-16T11:07:23","date_gmt":"2017-05-16T16:07:23","guid":{"rendered":"https:\/\/www.futboltotal.com.mx\/?p=479236"},"modified":"2017-05-16T11:07:23","modified_gmt":"2017-05-16T16:07:23","slug":"manchester-united-pagaria-millonaria-cifra-james-bale","status":"publish","type":"post","link":"http:\/\/desarrollo.grupomedios.com\/futbol\/futbol-internacional\/manchester-united-pagaria-millonaria-cifra-james-bale\/2017\/05","title":{"rendered":"Manchester United pagar\u00eda millonaria cifra por James y Bale"},"content":{"rendered":"<p>El <strong>Manchester United<\/strong> ya trabaja de lleno en la confecci\u00f3n de la plantilla que tendr\u00e1 para la pr\u00f3xima temporada el entrenador <strong>Jos\u00e9 Mourinho<\/strong>, luego de que est\u00e1 a punto de cerrar\u00a0la campa\u00f1a sin alcanzar puestos europeos, por lo que el club buscar\u00e1 el fichaje de dos peces gordos: <strong>James Rodr\u00edguez<\/strong> y <strong>Gareth Bale<\/strong>.<\/p>\n<p>Seg\u00fan informaci\u00f3n que retoma\u00a0el tabloide brit\u00e1nico Daily Star de medios espa\u00f1oles, el traspaso del colombiano del <strong>Real Madrid<\/strong> a los <em>Red Devils<\/em> es casi inminente, luego de que el futbolista se despidiera del Santiago Bernab\u00e9u de forma prolongada al salir de cambio ante el <strong>Sevilla<\/strong>.<\/p>\n<p style=\"text-align: center;\"><a href=\"https:\/\/www.futboltotal.com.mx\/2017\/05\/matias-almeyda-responde-a-las-criticas-comentarista-espn\/\" target=\"_blank\"><span style=\"color: #333399;\">VER M\u00c1S: Mat\u00edas Almeyda responde a cr\u00edticas de comentarista de ESPN<\/span><\/a><\/p>\n<p>&nbsp;<\/p>\n<blockquote class=\"twitter-video\" data-lang=\"es\">\n<p dir=\"ltr\" lang=\"es\">Huele claramente a despedida de James. Mucha suerte <a href=\"https:\/\/twitter.com\/jamesdrodriguez\">@jamesdrodriguez<\/a> &#x1f622; <a href=\"https:\/\/t.co\/B1qzxoiAxK\">pic.twitter.com\/B1qzxoiAxK<\/a><\/p>\n<p>\u2014 Oscar RMCF (@OscarRMCF_7) <a href=\"https:\/\/twitter.com\/OscarRMCF_7\/status\/863854945279389696\">14 de mayo de 2017<\/a><\/p><\/blockquote>\n<p><script async src=\"\/\/platform.twitter.com\/widgets.js\" charset=\"utf-8\"><\/script><\/p>\n<p>Pero <strong>James<\/strong> no llegar\u00eda s\u00f3lo a <strong>Old Trafford<\/strong>, pues el gal\u00e9s <strong>Bale<\/strong> es el otro objetivo de Mourinho, quien estar\u00eda dispuesto a que el United pague la cantidad de <strong>150 millones de euros<\/strong> por la dupla Rodr\u00edguez-Bale, con la que espera que el cuadro de Manchester pueda estar en los primeros puestos en la temporada 2017-2018.<\/p>\n<p style=\"text-align: center;\"><a href=\"https:\/\/www.futboltotal.com.mx\/2017\/05\/chilenos-trollearon-a-mexico-recordando-goleada-7-0\/\" target=\"_blank\"><span style=\"color: #333399;\">VER M\u00c1S: Chileno s trollearon a M\u00e9xico recordando goleada de 7-0<\/span><\/a><\/p>\n","protected":false},"excerpt":{"rendered":"<p>El traspaso del colombiano del Real Madrid a los Red Devils es casi inminente.<\/p>\n","protected":false},"author":20,"featured_media":479243,"comment_status":"closed","ping_status":"closed","sticky":false,"template":"","format":"standard","meta":[],"categories":[7740,3839,3844,3846],"tags":[6043,6082,43,5988],"_links":{"self":[{"href":"http:\/\/desarrollo.grupomedios.com\/futbol\/wp-json\/wp\/v2\/posts\/479236"}],"collection":[{"href":"http:\/\/desarrollo.grupomedios.com\/futbol\/wp-json\/wp\/v2\/posts"}],"about":[{"href":"http:\/\/desarrollo.grupomedios.com\/futbol\/wp-json\/wp\/v2\/types\/post"}],"author":[{"embeddable":true,"href":"http:\/\/desarrollo.grupomedios.com\/futbol\/wp-json\/wp\/v2\/users\/20"}],"replies":[{"embeddable":true,"href":"http:\/\/desarrollo.grupomedios.com\/futbol\/wp-json\/wp\/v2\/comments?post=479236"}],"version-history":[{"count":1,"href":"http:\/\/desarrollo.grupomedios.com\/futbol\/wp-json\/wp\/v2\/posts\/479236\/revisions"}],"predecessor-version":[{"id":479250,"href":"http:\/\/desarrollo.grupomedios.com\/futbol\/wp-json\/wp\/v2\/posts\/479236\/revisions\/479250"}],"wp:featuredmedia":[{"embeddable":true,"href":"http:\/\/desarrollo.grupomedios.com\/futbol\/wp-json\/wp\/v2\/media\/479243"}],"wp:attachment":[{"href":"http:\/\/desarrollo.grupomedios.com\/futbol\/wp-json\/wp\/v2\/media?parent=479236"}],"wp:term":[{"taxonomy":"category","embeddable":true,"href":"http:\/\/desarrollo.grupomedios.com\/futbol\/wp-json\/wp\/v2\/categories?post=479236"},{"taxonomy":"post_tag","embeddable":true,"href":"http:\/\/desarrollo.grupomedios.com\/futbol\/wp-json\/wp\/v2\/tags?post=479236"}],"curies":[{"name":"wp","href":"https:\/\/api.w.org\/{rel}","templated":true}]}}