{"id":479254,"date":"2017-05-16T11:59:25","date_gmt":"2017-05-16T16:59:25","guid":{"rendered":"https:\/\/www.futboltotal.com.mx\/?p=479254"},"modified":"2017-05-16T11:59:25","modified_gmt":"2017-05-16T16:59:25","slug":"delantero-relegado-tigres-pelea-titulo-goleo-en-colombia","status":"publish","type":"post","link":"http:\/\/desarrollo.grupomedios.com\/futbol\/futbol-mexicano\/delantero-relegado-tigres-pelea-titulo-goleo-en-colombia\/2017\/05","title":{"rendered":"Mexicano relegado por Tigres pelea t\u00edtulo de goleo en Colombia"},"content":{"rendered":"<p><strong>Tigres<\/strong> ha vivido una etapa de triunfos y t\u00edtulos en los \u00faltimos a\u00f1os, en gran parte por los goles del delantero franc\u00e9s Andr\u00e9-Pierre <strong>Gignac<\/strong>, pero de su cantera tambi\u00e9n han surgido delanteros mexicanos de gran\u00a0calidad, quienes ante las nulas oportunidades en el primer equipo han tenido que tocar puertas en otros equipos o ligas de otros pa\u00edses, como <strong>Uvaldo Luna<\/strong> en <strong>Colombia<\/strong>.<\/p>\n<p>El atacante mexicoamericano, quien ha jugado para selecciones menores de <strong>Estados Unidos<\/strong> pero despu\u00e9s prefiri\u00f3 a la <strong>Selecci\u00f3n Mexicana<\/strong> en sus equipos sub 20 y sub 23, en 2016 fue cedido al club <strong>Patriotas Boyac\u00e1<\/strong>, equipo con el que actualmente est\u00e1 teniendo un gran torneo.<\/p>\n<p style=\"text-align: center;\"><a href=\"https:\/\/www.futboltotal.com.mx\/2017\/05\/convocatoria-de-la-seleccion-mexicana-para-confederaciones\/\" target=\"_blank\"><span style=\"color: #333399;\">VER M\u00c1S: Osorio dio la lista de jugadores para juegos del Tri en mayo y junio<\/span><\/a><\/p>\n<p>Luna lleva <strong>7 goles<\/strong> en el Apertura 2017 cafetero, apenas a solo 2 tantos de los l\u00edderes de anotaciones, <strong>Borja Mart\u00ednez<\/strong> y <strong>Cristian Mart\u00ednez Borja<\/strong>, y restan un par de jornadas para que el mexicano pueda aumentar su cuota goleadora.<\/p>\n<p><iframe loading=\"lazy\" src=\"https:\/\/www.youtube.com\/embed\/EULzGXAQUxs\" frameborder=\"0\" allowfullscreen=\"allowfullscreen\"><\/iframe><\/p>\n<p>Se espera que <strong>Uvaldo,<\/strong> luego de este destacado semestre en Colombia, <span style=\"color: #333399;\"><a style=\"color: #333399;\" href=\"https:\/\/www.futboltotal.com.mx\/2017\/04\/tigres-repatriara-a-joya-mexicana-para-apertura-2017\/\" target=\"_blank\">vuelva a <strong>M\u00e9xico<\/strong> con los <strong>Tigres<\/strong> para el Apertura 2017<\/a><\/span> de la Liga MX, aunque el equipo regiomontano tambi\u00e9n lo podr\u00eda usar como moneda de cambio para reforzarse.<\/p>\n<p style=\"text-align: center;\"><a href=\"https:\/\/www.futboltotal.com.mx\/2017\/05\/morelia-amarro-al-goleador-raul-ruidiaz-4-anos\/\" target=\"_blank\"><span style=\"color: #333399;\">VER M\u00c1S: Morelia amarr\u00f3 al goleador Ra\u00fal Ruid\u00edaz por 4 a\u00f1os m\u00e1s<\/span><\/a><\/p>\n<p>&nbsp;<\/p>\n","protected":false},"excerpt":{"rendered":"<p>El mexicoamericano Uvaldo Luna suma goles con el Patriotas Boyac\u00e1 de Colombia.<\/p>\n","protected":false},"author":20,"featured_media":479264,"comment_status":"closed","ping_status":"closed","sticky":false,"template":"","format":"standard","meta":[],"categories":[3839,2198],"tags":[6005,8606,5973,8605],"_links":{"self":[{"href":"http:\/\/desarrollo.grupomedios.com\/futbol\/wp-json\/wp\/v2\/posts\/479254"}],"collection":[{"href":"http:\/\/desarrollo.grupomedios.com\/futbol\/wp-json\/wp\/v2\/posts"}],"about":[{"href":"http:\/\/desarrollo.grupomedios.com\/futbol\/wp-json\/wp\/v2\/types\/post"}],"author":[{"embeddable":true,"href":"http:\/\/desarrollo.grupomedios.com\/futbol\/wp-json\/wp\/v2\/users\/20"}],"replies":[{"embeddable":true,"href":"http:\/\/desarrollo.grupomedios.com\/futbol\/wp-json\/wp\/v2\/comments?post=479254"}],"version-history":[{"count":1,"href":"http:\/\/desarrollo.grupomedios.com\/futbol\/wp-json\/wp\/v2\/posts\/479254\/revisions"}],"predecessor-version":[{"id":479266,"href":"http:\/\/desarrollo.grupomedios.com\/futbol\/wp-json\/wp\/v2\/posts\/479254\/revisions\/479266"}],"wp:featuredmedia":[{"embeddable":true,"href":"http:\/\/desarrollo.grupomedios.com\/futbol\/wp-json\/wp\/v2\/media\/479264"}],"wp:attachment":[{"href":"http:\/\/desarrollo.grupomedios.com\/futbol\/wp-json\/wp\/v2\/media?parent=479254"}],"wp:term":[{"taxonomy":"category","embeddable":true,"href":"http:\/\/desarrollo.grupomedios.com\/futbol\/wp-json\/wp\/v2\/categories?post=479254"},{"taxonomy":"post_tag","embeddable":true,"href":"http:\/\/desarrollo.grupomedios.com\/futbol\/wp-json\/wp\/v2\/tags?post=479254"}],"curies":[{"name":"wp","href":"https:\/\/api.w.org\/{rel}","templated":true}]}}