{"id":479276,"date":"2017-05-16T12:54:49","date_gmt":"2017-05-16T17:54:49","guid":{"rendered":"https:\/\/www.futboltotal.com.mx\/?p=479276"},"modified":"2017-05-16T12:54:49","modified_gmt":"2017-05-16T17:54:49","slug":"bayer-leverkusen-casi-da-perdido-a-chicharito-hernandez","status":"publish","type":"post","link":"http:\/\/desarrollo.grupomedios.com\/futbol\/futbol-internacional\/bayer-leverkusen-casi-da-perdido-a-chicharito-hernandez\/2017\/05","title":{"rendered":"Bayer Leverkusen casi da por perdido a Chicharito Hern\u00e1ndez"},"content":{"rendered":"<p>La actual temporada del <strong>Bayer Leverkusen<\/strong> ha sido de lo peor que ha hecho el club en los \u00faltimos a\u00f1os, esto pese a que cuenta con una plantel que incluye jugadores de peso, como el mexicano <strong>Javier <em>Chicharito<\/em> Hern\u00e1ndez<\/strong>.<\/p>\n<p>Sin embargo, ni los futbolistas del cuadro de las <em>Aspirinas<\/em> ni los cambios en el banquillo\u00a0han revertido los malos resultados, lo que los llev\u00f3 a rozar puestos de descenso y olvidarse de jugar torneos europeos la pr\u00f3xima campa\u00f1a, por lo que la continuidad de <strong>Chicharito<\/strong> luce complicada.<\/p>\n<p style=\"text-align: center;\"><a href=\"https:\/\/www.futboltotal.com.mx\/2017\/05\/delantero-relegado-tigres-pelea-titulo-goleo-en-colombia\/\" target=\"_blank\"><span style=\"color: #333399;\">VER M\u00c1S: Mexicano relegado por Tigres pelea t\u00edtulo de goleo en Colombia<\/span><\/a><\/p>\n<p><strong>Jonas Boldt<\/strong>, gerente deportivo del <strong>Bayer<\/strong>, acept\u00f3 que ante este escenario jugadores como <strong>Javier<\/strong> podr\u00edan dejar el equipo previo al arranque de la siguiente campa\u00f1a.<\/p>\n<p>&#8220;El a\u00f1o que viene es sin <strong>Champions<\/strong>, sin copa europea y comprendemos que haya futbolistas que tengan la idea de jugar esos torneos.\u00a0Javier tiene su mercado siempre. Cuando termine la temporada nos sentaremos con \u00e9l, analizaremos su futuro y cu\u00e1l es la idea del jugador&#8221;, mencion\u00f3 el directivo en entrevista con Fox Sports.<\/p>\n<p style=\"text-align: center;\"><a href=\"https:\/\/www.futboltotal.com.mx\/2017\/05\/morelia-amarro-al-goleador-raul-ruidiaz-4-anos\/\" target=\"_blank\"><span style=\"color: #333399;\">VER M\u00c1S: Morelia amarra al goleador Ra\u00fal Ruid\u00edaz por 4 a\u00f1os m\u00e1s<\/span><\/a><\/p>\n<p>El Bayer entiende que la continuidad del mexicano luce m\u00e1s que complicada, pero guardan esperanzas de que Javier acepte cumplir su \u00faltimo a\u00f1o de contrato y tenga una campa\u00f1a similar a la 2015-2016.<\/p>\n<p>&#8220;Nos queda un a\u00f1o de contrato y a\u00fan\u00a0todo es posible: tal vez renovar por m\u00e1s, tal vez \u00e9l tenga otras ideas\u2026 Pero s\u00e9 que se siente muy feliz aqu\u00ed y sabe que puede jugar algunos partidos mejor, como el a\u00f1o pasado&#8221;, agreg\u00f3 Boldt.<\/p>\n<p style=\"text-align: center;\"><a href=\"https:\/\/www.futboltotal.com.mx\/2017\/05\/manchester-united-pagaria-millonaria-cifra-james-bale\/\" target=\"_blank\"><span style=\"color: #333399;\">VER M\u00c1S: Manchester United pagar\u00eda cifra millonaria por James y Bale<\/span><\/a><\/p>\n","protected":false},"excerpt":{"rendered":"<p>La p\u00e9sima campa\u00f1a del Bayer Leverkusen llevar\u00eda a Chicharito a cambiar de equipo.<\/p>\n","protected":false},"author":20,"featured_media":455254,"comment_status":"closed","ping_status":"closed","sticky":false,"template":"","format":"standard","meta":[],"categories":[7740,3839,6822,6718],"tags":[4335,119,120,549],"_links":{"self":[{"href":"http:\/\/desarrollo.grupomedios.com\/futbol\/wp-json\/wp\/v2\/posts\/479276"}],"collection":[{"href":"http:\/\/desarrollo.grupomedios.com\/futbol\/wp-json\/wp\/v2\/posts"}],"about":[{"href":"http:\/\/desarrollo.grupomedios.com\/futbol\/wp-json\/wp\/v2\/types\/post"}],"author":[{"embeddable":true,"href":"http:\/\/desarrollo.grupomedios.com\/futbol\/wp-json\/wp\/v2\/users\/20"}],"replies":[{"embeddable":true,"href":"http:\/\/desarrollo.grupomedios.com\/futbol\/wp-json\/wp\/v2\/comments?post=479276"}],"version-history":[{"count":1,"href":"http:\/\/desarrollo.grupomedios.com\/futbol\/wp-json\/wp\/v2\/posts\/479276\/revisions"}],"predecessor-version":[{"id":479278,"href":"http:\/\/desarrollo.grupomedios.com\/futbol\/wp-json\/wp\/v2\/posts\/479276\/revisions\/479278"}],"wp:featuredmedia":[{"embeddable":true,"href":"http:\/\/desarrollo.grupomedios.com\/futbol\/wp-json\/wp\/v2\/media\/455254"}],"wp:attachment":[{"href":"http:\/\/desarrollo.grupomedios.com\/futbol\/wp-json\/wp\/v2\/media?parent=479276"}],"wp:term":[{"taxonomy":"category","embeddable":true,"href":"http:\/\/desarrollo.grupomedios.com\/futbol\/wp-json\/wp\/v2\/categories?post=479276"},{"taxonomy":"post_tag","embeddable":true,"href":"http:\/\/desarrollo.grupomedios.com\/futbol\/wp-json\/wp\/v2\/tags?post=479276"}],"curies":[{"name":"wp","href":"https:\/\/api.w.org\/{rel}","templated":true}]}}