{"id":479283,"date":"2017-05-16T14:29:38","date_gmt":"2017-05-16T19:29:38","guid":{"rendered":"https:\/\/www.futboltotal.com.mx\/?p=479283"},"modified":"2017-05-16T14:30:25","modified_gmt":"2017-05-16T19:30:25","slug":"america-leon-prepararian-trueque-boselli-peralta","status":"publish","type":"post","link":"http:\/\/desarrollo.grupomedios.com\/futbol\/destacado-home\/america-leon-prepararian-trueque-boselli-peralta\/2017\/05","title":{"rendered":"\u00a1Am\u00e9rica y Le\u00f3n preparar\u00edan un trueque Boselli-Peralta!"},"content":{"rendered":"<p>El <strong>Am\u00e9rica<\/strong> buscar\u00e1 tener un equipo no s\u00f3lo competitivo, sino con el plantel necesario para ser claro aspirante al t\u00edtulo del pr\u00f3ximo torneo <strong>Apertura 2017<\/strong> y as\u00ed armarle un equipazo a <strong>Miguel <em>Piojo<\/em> Herrera<\/strong>, quien a\u00fan dirige al <strong>Tijuana<\/strong> pero estar\u00eda a un paso de volver al banquillo de las <em><strong>\u00c1guilas<\/strong><\/em>.<\/p>\n<p>Por ello, de acuerdo a reportes de Fox Sports, el <em>Piojo<\/em> ha pedido el fichaje del goleador argentino <strong>Mauro Boselli<\/strong>, quien durante sus 4 a\u00f1os en la Liga MX ha demostrado con el Le\u00f3n que es un delantero letal.<\/p>\n<p style=\"text-align: center;\"><a href=\"https:\/\/www.futboltotal.com.mx\/2017\/05\/anuncian-venta-franquicia-del-futbol-mexicano-en-periodico\/\" target=\"_blank\"><span style=\"color: #333399;\">VER M\u00c1S: \u00a1Anuncian venta de franquicia del futbol mexicano en un peri\u00f3dico!<\/span><\/a><\/p>\n<p>Para que <strong>Boselli<\/strong> llegue al cuadro americanista, las <em>\u00c1guilas<\/em> aceptar\u00edan incluir en el movimiento a una de sus figuras,\u00a0<strong>Oribe Peralta<\/strong>, jugador que en varias ocasiones ha sonado para dejar a los azulcremas pero hasta ahora se mantiene en la plantilla.<\/p>\n<p>No es la primera ocasi\u00f3n que se menciona el nombre de <strong>Boselli<\/strong> para vestirse de americanista, pues en d\u00edas pasados <a href=\"https:\/\/www.futboltotal.com.mx\/2017\/05\/colocan-a-boselli-murillo-en-la-orbita-del-america\/\" target=\"_blank\"><span style=\"color: #333399;\">ya se hablaba de que el cuadro de Coapa lo buscar\u00eda<\/span><\/a> durante el pr\u00f3ximo Draft de la Liga MX.<\/p>\n<p><strong>Peralta<\/strong> tambi\u00e9n ha sonado para llegar al <strong>Pachuca<\/strong>, club que al igual que el <strong>Le\u00f3n<\/strong> pertenece a Grupo Pachuca, aunque hasta ahora s\u00f3lo ha sido un rumor.<\/p>\n<p style=\"text-align: center;\"><span style=\"color: #333399;\"><a style=\"color: #333399;\" href=\"https:\/\/www.futboltotal.com.mx\/2017\/05\/delantero-relegado-tigres-pelea-titulo-goleo-en-colombia\/\" target=\"_blank\">VER M\u00c1S: Mexicano relegado por Tigres pelea t\u00edtulo de goleo en Colombia<\/a><\/span><\/p>\n","protected":false},"excerpt":{"rendered":"<p>Mauro Boselli est\u00e1 en la mira de las \u00c1guilas y es del gusto del Piojo Herrera.<\/p>\n","protected":false},"author":20,"featured_media":479284,"comment_status":"closed","ping_status":"closed","sticky":false,"template":"","format":"standard","meta":[],"categories":[5,7740,2198,3845],"tags":[5959,5965,64,3863,62],"_links":{"self":[{"href":"http:\/\/desarrollo.grupomedios.com\/futbol\/wp-json\/wp\/v2\/posts\/479283"}],"collection":[{"href":"http:\/\/desarrollo.grupomedios.com\/futbol\/wp-json\/wp\/v2\/posts"}],"about":[{"href":"http:\/\/desarrollo.grupomedios.com\/futbol\/wp-json\/wp\/v2\/types\/post"}],"author":[{"embeddable":true,"href":"http:\/\/desarrollo.grupomedios.com\/futbol\/wp-json\/wp\/v2\/users\/20"}],"replies":[{"embeddable":true,"href":"http:\/\/desarrollo.grupomedios.com\/futbol\/wp-json\/wp\/v2\/comments?post=479283"}],"version-history":[{"count":2,"href":"http:\/\/desarrollo.grupomedios.com\/futbol\/wp-json\/wp\/v2\/posts\/479283\/revisions"}],"predecessor-version":[{"id":479289,"href":"http:\/\/desarrollo.grupomedios.com\/futbol\/wp-json\/wp\/v2\/posts\/479283\/revisions\/479289"}],"wp:featuredmedia":[{"embeddable":true,"href":"http:\/\/desarrollo.grupomedios.com\/futbol\/wp-json\/wp\/v2\/media\/479284"}],"wp:attachment":[{"href":"http:\/\/desarrollo.grupomedios.com\/futbol\/wp-json\/wp\/v2\/media?parent=479283"}],"wp:term":[{"taxonomy":"category","embeddable":true,"href":"http:\/\/desarrollo.grupomedios.com\/futbol\/wp-json\/wp\/v2\/categories?post=479283"},{"taxonomy":"post_tag","embeddable":true,"href":"http:\/\/desarrollo.grupomedios.com\/futbol\/wp-json\/wp\/v2\/tags?post=479283"}],"curies":[{"name":"wp","href":"https:\/\/api.w.org\/{rel}","templated":true}]}}