{"id":479297,"date":"2017-05-16T15:35:05","date_gmt":"2017-05-16T20:35:05","guid":{"rendered":"https:\/\/www.futboltotal.com.mx\/?p=479297"},"modified":"2017-05-16T15:35:05","modified_gmt":"2017-05-16T20:35:05","slug":"osorio-revela-sus-preferencias-en-la-alineacion-del-tri","status":"publish","type":"post","link":"http:\/\/desarrollo.grupomedios.com\/futbol\/futbol-mexicano\/osorio-revela-sus-preferencias-en-la-alineacion-del-tri\/2017\/05","title":{"rendered":"Osorio &#8216;revela&#8217; sus preferencias en la alineaci\u00f3n del Tri"},"content":{"rendered":"<p>Este martes, el entrenador de la <strong>Selecci\u00f3n Mexicana<\/strong>, <strong>Juan Carlos Osorio<\/strong>, <span style=\"color: #3366ff;\"><a style=\"color: #3366ff;\" href=\"https:\/\/www.futboltotal.com.mx\/2017\/05\/convocatoria-de-la-seleccion-mexicana-para-confederaciones\/\" target=\"_blank\">dio a conocer la lista de 32 jugadores que conformar\u00e1n la lista <\/a><\/span>para los partidos amistosos y eliminatorios de los meses de mayo y junio.<\/p>\n<p>Tras presentar su lista y terminar la conferencia de prensa, <strong>Osorio<\/strong> mostr\u00f3 la hoja donde aparecen los jugadores que fueron considerados y donde adem\u00e1s dej\u00f3 ver qui\u00e9nes son los jugadores que conforman su equipo base.<\/p>\n<p style=\"text-align: center;\"><span style=\"color: #3366ff;\"><a style=\"color: #3366ff;\" href=\"https:\/\/www.futboltotal.com.mx\/2017\/05\/cruz-azul-buscaria-a-gabriel-achilier-defensa-morelia\/\">VER M\u00c1S: Cruz Azul buscar\u00eda a Gabriel Achilier, defensa de Morelia<\/a><\/span><\/p>\n<p style=\"text-align: center;\"><a href=\"https:\/\/www.futboltotal.com.mx\/wp-content\/uploads\/2017\/05\/osorio-lista.jpg\"><img decoding=\"async\" loading=\"lazy\" class=\"alignnone size-full wp-image-479304\" src=\"https:\/\/www.futboltotal.com.mx\/wp-content\/uploads\/2017\/05\/osorio-lista.jpg\" alt=\"Osorio &#8216;revela&#8217; sus preferencias en la alineaci\u00f3n del Tri 0\" srcset=\"http:\/\/desarrollo.grupomedios.com\/futbol\/wp-content\/uploads\/2017\/05\/osorio-lista.jpg 1136w, http:\/\/desarrollo.grupomedios.com\/futbol\/wp-content\/uploads\/2017\/05\/osorio-lista-300x169.jpg 300w, http:\/\/desarrollo.grupomedios.com\/futbol\/wp-content\/uploads\/2017\/05\/osorio-lista-768x432.jpg 768w, http:\/\/desarrollo.grupomedios.com\/futbol\/wp-content\/uploads\/2017\/05\/osorio-lista-1024x576.jpg 1024w, http:\/\/desarrollo.grupomedios.com\/futbol\/wp-content\/uploads\/2017\/05\/osorio-lista-317x178.jpg 317w, http:\/\/desarrollo.grupomedios.com\/futbol\/wp-content\/uploads\/2017\/05\/osorio-lista-535x301.jpg 535w, http:\/\/desarrollo.grupomedios.com\/futbol\/wp-content\/uploads\/2017\/05\/osorio-lista-374x210.jpg 374w\" sizes=\"(max-width: 1136px) 100vw, 1136px\" \/><\/a><\/p>\n<p style=\"text-align: left;\">En la fotograf\u00eda del esquema de Osorio se puede apreciar que la base del <strong>Tri<\/strong> siguen siendo los jugadores europeos, pues primero aparece Guillermo Ochoa como titular y por debajo Alfredo Talavera y Jes\u00fas Corona.<\/p>\n<p style=\"text-align: left;\">En la parte baja est\u00e1n Carlos Salcedo, Diego Reyes, H\u00e9ctor Moreno y Miguel Lay\u00fan, mientras que en el mediocampo aparece Jes\u00fas Molina, H\u00e9ctor Herrera y una duda por parte izquierda, pues tiene marcados en color azul a Andr\u00e9s Guardado y Jonathan Dos Santos.<\/p>\n<p style=\"text-align: left;\">Para el ataque siguen siendo los hombres que aparecieron en los duelos eliminatorios, con Carlos Vela, Jes\u00fas Manuel Corona y Javier Hern\u00e1ndez, aunque tambi\u00e9n aparece Ra\u00fal Jim\u00e9nez.<\/p>\n<p style=\"text-align: left;\">\u00bfCrees que sea la alineaci\u00f3n titular que veremos en los pr\u00f3ximos partidos del <strong>Tri<\/strong>, crack?<\/p>\n","protected":false},"excerpt":{"rendered":"<p>Osorio tendr\u00eda ya a su alineaci\u00f3n base para los pr\u00f3ximos partidos.<\/p>\n","protected":false},"author":20,"featured_media":479302,"comment_status":"closed","ping_status":"closed","sticky":false,"template":"","format":"standard","meta":[],"categories":[2198,3847],"tags":[397],"_links":{"self":[{"href":"http:\/\/desarrollo.grupomedios.com\/futbol\/wp-json\/wp\/v2\/posts\/479297"}],"collection":[{"href":"http:\/\/desarrollo.grupomedios.com\/futbol\/wp-json\/wp\/v2\/posts"}],"about":[{"href":"http:\/\/desarrollo.grupomedios.com\/futbol\/wp-json\/wp\/v2\/types\/post"}],"author":[{"embeddable":true,"href":"http:\/\/desarrollo.grupomedios.com\/futbol\/wp-json\/wp\/v2\/users\/20"}],"replies":[{"embeddable":true,"href":"http:\/\/desarrollo.grupomedios.com\/futbol\/wp-json\/wp\/v2\/comments?post=479297"}],"version-history":[{"count":1,"href":"http:\/\/desarrollo.grupomedios.com\/futbol\/wp-json\/wp\/v2\/posts\/479297\/revisions"}],"predecessor-version":[{"id":479305,"href":"http:\/\/desarrollo.grupomedios.com\/futbol\/wp-json\/wp\/v2\/posts\/479297\/revisions\/479305"}],"wp:featuredmedia":[{"embeddable":true,"href":"http:\/\/desarrollo.grupomedios.com\/futbol\/wp-json\/wp\/v2\/media\/479302"}],"wp:attachment":[{"href":"http:\/\/desarrollo.grupomedios.com\/futbol\/wp-json\/wp\/v2\/media?parent=479297"}],"wp:term":[{"taxonomy":"category","embeddable":true,"href":"http:\/\/desarrollo.grupomedios.com\/futbol\/wp-json\/wp\/v2\/categories?post=479297"},{"taxonomy":"post_tag","embeddable":true,"href":"http:\/\/desarrollo.grupomedios.com\/futbol\/wp-json\/wp\/v2\/tags?post=479297"}],"curies":[{"name":"wp","href":"https:\/\/api.w.org\/{rel}","templated":true}]}}