{"id":479299,"date":"2017-05-16T15:24:28","date_gmt":"2017-05-16T20:24:28","guid":{"rendered":"https:\/\/www.futboltotal.com.mx\/?p=479299"},"modified":"2017-05-16T15:24:28","modified_gmt":"2017-05-16T20:24:28","slug":"revelan-relacion-familiar-julio-cesar-chavez-joaquin-chapo-guzman","status":"publish","type":"post","link":"http:\/\/desarrollo.grupomedios.com\/futbol\/no-todo-es-futbol\/revelan-relacion-familiar-julio-cesar-chavez-joaquin-chapo-guzman\/2017\/05","title":{"rendered":"Revelan relaci\u00f3n de familiar de Julio C\u00e9sar Ch\u00e1vez con Joaqu\u00edn Chapo Guzm\u00e1n"},"content":{"rendered":"<p>Desde la pelea entre Sa\u00fal Canelo \u00c1lvarez y <strong>Julio C\u00e9sar Ch\u00e1vez Jr.<\/strong>, ha surgido informaci\u00f3n constante que deja con mala reputaci\u00f3n al hijo del estelar pugilista del mismo nombre, pues despu\u00e9s de la rotunda ca\u00edda en el ring; videos, declaraciones y noticias, dejan huella m\u00e1s hiriente en la familia, de las que dej\u00f3 la pelea.<\/p>\n<p>De acuerdo al medio estadounidense,<em> Earn the Necklace<\/em>, la actual esposa de Julio C\u00e9sar Ch\u00e1vez Jr., <strong>Frida Mu\u00f1oz<\/strong>, tuvo una relaci\u00f3n con el hijo de Joaqu\u00edn el Chapo Guzm\u00e1n, \u00c9dgar Guzm\u00e1n, con quien tuvo una hija.<\/p>\n<p style=\"text-align: center;\"><span style=\"color: #3366ff;\"><a style=\"color: #3366ff;\" href=\"https:\/\/www.futboltotal.com.mx\/2017\/05\/anuncian-venta-franquicia-del-futbol-mexicano-en-periodico\/\" target=\"_blank\"><strong>VER M\u00c1S: Venden franquicia del futbol mexicano, a trav\u00e9s de anuncio de peri\u00f3dico<\/strong><\/a><\/span><\/p>\n<p>\u00c9dgar Guzm\u00e1n falleci\u00f3 durante un tiroteo, al lado de su primo, en noviembre de 2015, as\u00ed que <strong>Frida Mu\u00f1oz<\/strong> decidi\u00f3 reiniciar su vida, y encontr\u00f3 a <strong>Julio C\u00e9sar Ch\u00e1vez<\/strong> hijo, con quien tambi\u00e9n procre\u00f3 una hija. La actual esposa del boxeador se\u00f1al\u00f3 que a pesar de ser nuera del hoy arraigado narcotraficante, nunca tuvo nexos con el c\u00e1rtel, inclusive, el hijo del Chapo no ten\u00eda intenciones de vivir a su lado.<\/p>\n<p><a href=\"https:\/\/www.futboltotal.com.mx\/wp-content\/uploads\/2017\/05\/chavez-junior-frida-munoz.jpg\"><img decoding=\"async\" loading=\"lazy\" class=\"alignnone size-full wp-image-479300\" src=\"https:\/\/www.futboltotal.com.mx\/wp-content\/uploads\/2017\/05\/chavez-junior-frida-munoz.jpg\" alt=\"Revelan relaci\u00f3n de familiar de Julio C\u00e9sar Ch\u00e1vez con Joaqu\u00edn Chapo Guzm\u00e1n 0\" srcset=\"http:\/\/desarrollo.grupomedios.com\/futbol\/wp-content\/uploads\/2017\/05\/chavez-junior-frida-munoz.jpg 1136w, http:\/\/desarrollo.grupomedios.com\/futbol\/wp-content\/uploads\/2017\/05\/chavez-junior-frida-munoz-300x169.jpg 300w, http:\/\/desarrollo.grupomedios.com\/futbol\/wp-content\/uploads\/2017\/05\/chavez-junior-frida-munoz-768x432.jpg 768w, http:\/\/desarrollo.grupomedios.com\/futbol\/wp-content\/uploads\/2017\/05\/chavez-junior-frida-munoz-1024x576.jpg 1024w, http:\/\/desarrollo.grupomedios.com\/futbol\/wp-content\/uploads\/2017\/05\/chavez-junior-frida-munoz-317x178.jpg 317w, http:\/\/desarrollo.grupomedios.com\/futbol\/wp-content\/uploads\/2017\/05\/chavez-junior-frida-munoz-535x301.jpg 535w, http:\/\/desarrollo.grupomedios.com\/futbol\/wp-content\/uploads\/2017\/05\/chavez-junior-frida-munoz-374x210.jpg 374w\" sizes=\"(max-width: 1136px) 100vw, 1136px\" \/><\/a><\/p>\n<p><strong>S\u00edguenos en Twitter:<\/strong> <a href=\"https:\/\/twitter.com\/MXFutbolTotal\" target=\"_blank\">@MXFutbolTotal<\/a><\/p>\n","protected":false},"excerpt":{"rendered":"<p>La esposa del hijo de la Leyenda tiene parentesco con el nacotraficante.<\/p>\n","protected":false},"author":20,"featured_media":479301,"comment_status":"closed","ping_status":"closed","sticky":false,"template":"","format":"standard","meta":[],"categories":[6282,5418,6411],"tags":[5461],"_links":{"self":[{"href":"http:\/\/desarrollo.grupomedios.com\/futbol\/wp-json\/wp\/v2\/posts\/479299"}],"collection":[{"href":"http:\/\/desarrollo.grupomedios.com\/futbol\/wp-json\/wp\/v2\/posts"}],"about":[{"href":"http:\/\/desarrollo.grupomedios.com\/futbol\/wp-json\/wp\/v2\/types\/post"}],"author":[{"embeddable":true,"href":"http:\/\/desarrollo.grupomedios.com\/futbol\/wp-json\/wp\/v2\/users\/20"}],"replies":[{"embeddable":true,"href":"http:\/\/desarrollo.grupomedios.com\/futbol\/wp-json\/wp\/v2\/comments?post=479299"}],"version-history":[{"count":1,"href":"http:\/\/desarrollo.grupomedios.com\/futbol\/wp-json\/wp\/v2\/posts\/479299\/revisions"}],"predecessor-version":[{"id":479303,"href":"http:\/\/desarrollo.grupomedios.com\/futbol\/wp-json\/wp\/v2\/posts\/479299\/revisions\/479303"}],"wp:featuredmedia":[{"embeddable":true,"href":"http:\/\/desarrollo.grupomedios.com\/futbol\/wp-json\/wp\/v2\/media\/479301"}],"wp:attachment":[{"href":"http:\/\/desarrollo.grupomedios.com\/futbol\/wp-json\/wp\/v2\/media?parent=479299"}],"wp:term":[{"taxonomy":"category","embeddable":true,"href":"http:\/\/desarrollo.grupomedios.com\/futbol\/wp-json\/wp\/v2\/categories?post=479299"},{"taxonomy":"post_tag","embeddable":true,"href":"http:\/\/desarrollo.grupomedios.com\/futbol\/wp-json\/wp\/v2\/tags?post=479299"}],"curies":[{"name":"wp","href":"https:\/\/api.w.org\/{rel}","templated":true}]}}