{"id":479352,"date":"2018-02-14T13:03:19","date_gmt":"2018-02-14T19:03:19","guid":{"rendered":"https:\/\/www.futboltotal.com.mx\/?p=479352"},"modified":"2018-02-14T13:05:09","modified_gmt":"2018-02-14T19:05:09","slug":"10-besos-famosos-entre-futbolistas","status":"publish","type":"post","link":"http:\/\/desarrollo.grupomedios.com\/futbol\/videos\/10-besos-famosos-entre-futbolistas\/2018\/02","title":{"rendered":"10 besos famosos entre futbolistas"},"content":{"rendered":"<p>Este <strong>14 de febrero<\/strong> se celebra el <strong>D\u00eda del Amor y la Amistad<\/strong>,\u00a0raz\u00f3n por la cual, en <strong>Futbol Total<\/strong>, hacemos memoria de los futbolistas que la pasi\u00f3n los llev\u00f3\u00a0 mostrar su amor y cari\u00f1o, para quedar en la historia del deporte, por darle un beso a un compa\u00f1ero, dentro o fuera del campo.<\/p>\n<p>Los besos son comunes en el futbol, hay jugadores que suelen besarse en la mejilla y darse una palmada en los gl\u00fateos entre s\u00ed, algunos otros besan la cabeza del compa\u00f1ero o el trofeo de campe\u00f3n; no obstante, un \u00f3sculo en la boca, siempre es causa de pol\u00e9mica, por la cantidad de comentarios a favor o en contra, que genera el acto. A continuaci\u00f3n, te presentamos los 10 m\u00e1s c\u00e9lebres:<\/p>\n<p style=\"text-align: center;\"><a href=\"https:\/\/www.futboltotal.com.mx\/futbol-mexicano\/monterrey-culpable-la-primera-gran-cruzazuleada\/2018\/02\">VER M\u00c1S: Monterrey, el \u2018culpable\u2019 de la primera gran Cruzazuleada<\/a><\/p>\n<p>[video_player]https:\/\/player.vimeo.com\/external\/217900367.hd.mp4?s=e098f74253e66e14726ea98aab0154480f93e419&amp;profile_id=174|wide[\/video_player]<\/p>\n<p style=\"text-align: center;\"><a href=\"https:\/\/www.futboltotal.com.mx\/futbol-mexicano\/liga-mx\/7-canteranos-pumas-les-alcanzo-brillar\/2018\/02\">VER M\u00c1S: 7 canteranos de Pumas que no les alcanz\u00f3 para brillar<\/a><\/p>\n<p>Iv\u00e1n Rakitic y Daniel Carri\u00e7o | 2014 | El festejo por ganar la Europa League con Sevilla.<\/p>\n<p>Diego Maradona y Claudio Caniggia | 1996 | Tras ganar a River Plate por 4-1.<\/p>\n<p>Xabi Alonso y Steven Gerrard | 2005 | Por ganar la Champioons League con Liverpool.<\/p>\n<p>Hristo Stoichkov y Ronald Koeman | 1992 | En celebraci\u00f3n tras ganar la Champions con Barcelona.<\/p>\n<p>Nahuel Guzm\u00e1n e Israel Jim\u00e9nez | 2015 | Luego del penal definitivo que cobr\u00f3 el zaguero y que dio el t\u00edtulo del Apertura a Tigres.<\/p>\n<p>Carlo Ancelotti y Antonio Conte | 2013 | Un saludo cari\u00f1oso previo a un Juventus vs Real Madrid.<\/p>\n<p>Paul Gascoigne y Ally McCoist | 1996 | Tras un choque entre ambos que le abri\u00f3 el labio a McCoist.<\/p>\n<p>Gary Neville y Paul Scholes | 2010 | Scholes celebr\u00f3 con su compa\u00f1ero, el gol del triunfo en un derbi de Manchester.<\/p>\n<p>Andr\u00e9 Gignac y Edinson Cavani | 2014 | Un beso accidental, pues tras competir por el bal\u00f3n, se levantaron para reclamar y terminaron enlazados.<\/p>\n<p>Oliver Giroud y Mathieu Debuchy | 2012 | Giroud agradeci\u00f3 la asistencia a su compa\u00f1ero, luego de un gol a Alemania.<\/p>\n<p style=\"text-align: center;\"><span style=\"color: #3366ff;\"><a style=\"color: #3366ff;\" href=\"https:\/\/www.futboltotal.com.mx\/2017\/05\/te-ves-bonita-calladita-miroslava-jose-ramon-fernandez\/\" target=\"_blank\" rel=\"noopener\"><strong>VER M\u00c1S: Jos\u00e9 Ram\u00f3n Fern\u00e1ndez intenta burlarse de Miroslava y ella le responde&#8230;<\/strong><\/a><\/span><\/p>\n<p>S\u00edguenos en Twitter: <a href=\"https:\/\/twitter.com\/MXFutbolTotal\" target=\"_blank\" rel=\"noopener\">@MXFutbolTotal<\/a><\/p>\n","protected":false},"excerpt":{"rendered":"<p>Estos \u00f3sculos han pasado a la historia del balompi\u00e9 mundial.<\/p>\n","protected":false},"author":20,"featured_media":479355,"comment_status":"closed","ping_status":"closed","sticky":false,"template":"","format":"standard","meta":[],"categories":[7570,3839,2198,6384,4,6433],"tags":[5460],"_links":{"self":[{"href":"http:\/\/desarrollo.grupomedios.com\/futbol\/wp-json\/wp\/v2\/posts\/479352"}],"collection":[{"href":"http:\/\/desarrollo.grupomedios.com\/futbol\/wp-json\/wp\/v2\/posts"}],"about":[{"href":"http:\/\/desarrollo.grupomedios.com\/futbol\/wp-json\/wp\/v2\/types\/post"}],"author":[{"embeddable":true,"href":"http:\/\/desarrollo.grupomedios.com\/futbol\/wp-json\/wp\/v2\/users\/20"}],"replies":[{"embeddable":true,"href":"http:\/\/desarrollo.grupomedios.com\/futbol\/wp-json\/wp\/v2\/comments?post=479352"}],"version-history":[{"count":6,"href":"http:\/\/desarrollo.grupomedios.com\/futbol\/wp-json\/wp\/v2\/posts\/479352\/revisions"}],"predecessor-version":[{"id":517687,"href":"http:\/\/desarrollo.grupomedios.com\/futbol\/wp-json\/wp\/v2\/posts\/479352\/revisions\/517687"}],"wp:featuredmedia":[{"embeddable":true,"href":"http:\/\/desarrollo.grupomedios.com\/futbol\/wp-json\/wp\/v2\/media\/479355"}],"wp:attachment":[{"href":"http:\/\/desarrollo.grupomedios.com\/futbol\/wp-json\/wp\/v2\/media?parent=479352"}],"wp:term":[{"taxonomy":"category","embeddable":true,"href":"http:\/\/desarrollo.grupomedios.com\/futbol\/wp-json\/wp\/v2\/categories?post=479352"},{"taxonomy":"post_tag","embeddable":true,"href":"http:\/\/desarrollo.grupomedios.com\/futbol\/wp-json\/wp\/v2\/tags?post=479352"}],"curies":[{"name":"wp","href":"https:\/\/api.w.org\/{rel}","templated":true}]}}