{"id":479359,"date":"2017-05-17T14:19:44","date_gmt":"2017-05-17T19:19:44","guid":{"rendered":"https:\/\/www.futboltotal.com.mx\/?p=479359"},"modified":"2017-05-17T16:00:27","modified_gmt":"2017-05-17T21:00:27","slug":"en-vivo-celta-de-vigo-vs-real-madrid-la-liga","status":"publish","type":"post","link":"http:\/\/desarrollo.grupomedios.com\/futbol\/futbol-internacional\/en-vivo-celta-de-vigo-vs-real-madrid-la-liga\/2017\/05","title":{"rendered":"AS\u00cd SE VIVI\u00d3 | Celta de Vigo 1-4 Real Madrid | \u00a1La Liga!"},"content":{"rendered":"<p><a href=\"https:\/\/en-vivo.futboltotal.com.mx\/partido\/en-vivo-celta-de-vigo-vs-real-madrid-la-liga\/92\/\" target=\"_blank\"><span style=\"color: #3366ff;\">DA CLICK AQU\u00cd PARA SEGUIR EL MINUTO A MINUTO DEL CELTA DE VIGO VS. REAL MADRID<\/span><\/a><\/p>\n<p>Un <strong>Celta de Vigo<\/strong> deprimido por su eliminaci\u00f3n europea y en ca\u00edda libre en LaLiga Santander, donde encadena cinco derrotas, busca en punto de las 14:00 hrs. (tiempo de M\u00e9xico) un triunfo de prestigio ante el <strong>Real Madrid<\/strong>, que se juega en Bala\u00eddos llegar a la \u00faltima jornada dependiendo de s\u00ed mismo para <strong>conquistar el t\u00edtulo liguero<\/strong>.<\/p>\n<p>Al equipo de <strong>Zinedine Zidane<\/strong> le basta con puntuar en Vigo e igualar el resultado del <strong>Barcelona<\/strong> el pr\u00f3ximo domingo para proclamarse campe\u00f3n. Matem\u00e1ticamente necesita 4 puntos de 6 para ser campe\u00f3n. As\u00ed, el <strong>Real Madrid<\/strong> se juega la vida y el <strong>Celta<\/strong> \u00fanicamente su orgullo, tras quedarse sin opciones de luchar por los puestos europeos.<\/p>\n<p>El momento en el que se deciden los t\u00edtulos no puede ser mejor para un Real Madrid lanzado en lo f\u00edsico y lo moral. En Bala\u00eddos y La Rosaleda se decide el t\u00edtulo marcado como gran objetivo del curso.<\/p>\n<p><a href=\"https:\/\/en-vivo.futboltotal.com.mx\/partido\/en-vivo-celta-de-vigo-vs-real-madrid-la-liga\/92\/\" target=\"_blank\"><span style=\"color: #3366ff;\">DA CLICK AQU\u00cd PARA SEGUIR EL MINUTO A MINUTO DEL CELTA DE VIGO VS. REAL MADRID<\/span><\/a><\/p>\n<p>Los dos equipos jugar\u00e1n con sus titulares.\u00a0La magia de Isco vuelve a escena tras su exhibici\u00f3n en Europa en el Vicente Calder\u00f3n, donde Benzema dej\u00f3 una jugada para la historia. El franc\u00e9s ser\u00e1 la pareja de ataque de un Cristiano Ronaldo lanzado en la recta final de la temporada con once tantos decisivos en sus nueve \u00faltimos partidos. Est\u00e1 apercibido de sanci\u00f3n para el \u00faltimo partido de La Rosaleda como Isco y Lucas V\u00e1zquez. No ser\u00e1 impedimento para la titularidad de los dos primeros. Es hora de correr riesgos con todo en juego.<\/p>\n<p>Berizzo saldr\u00e1 con su once de gala si el mediocentro serbio Nemanja Radoja se recupera de las molestias que arrastra en el tend\u00f3n de su pierna izquierda. Jugar\u00e1n, por tanto, los mismos once futbolistas que estuvieron cerca de remontarle la eliminatoria al Manchester United en Old Trafford.<\/p>\n<p>A la porter\u00eda regresar\u00e1 Sergio \u00c1lvarez tras descansar en Mendizorroza. La l\u00ednea defensiva ser\u00e1 la formada por: Hugo Mallo, Cabral, Roncaglia y Jonny. Radoja, si se recupera, actuar\u00e1 como mediocentro defensivo, por detr\u00e1s de Wass y Tucu Hern\u00e1ndez. Y arriba actuar\u00e1n Aspas por la derecha, Pione Sisto por la izquierda y Guidetti como delantero centro.<\/p>\n","protected":false},"excerpt":{"rendered":"<p>Sigue al minuto al Real Madrid buscando amarrar el t\u00edtulo de Liga ante Celta de Vigo.<\/p>\n","protected":false},"author":20,"featured_media":479419,"comment_status":"closed","ping_status":"closed","sticky":false,"template":"","format":"standard","meta":[],"categories":[3839,3844],"tags":[76,5988],"_links":{"self":[{"href":"http:\/\/desarrollo.grupomedios.com\/futbol\/wp-json\/wp\/v2\/posts\/479359"}],"collection":[{"href":"http:\/\/desarrollo.grupomedios.com\/futbol\/wp-json\/wp\/v2\/posts"}],"about":[{"href":"http:\/\/desarrollo.grupomedios.com\/futbol\/wp-json\/wp\/v2\/types\/post"}],"author":[{"embeddable":true,"href":"http:\/\/desarrollo.grupomedios.com\/futbol\/wp-json\/wp\/v2\/users\/20"}],"replies":[{"embeddable":true,"href":"http:\/\/desarrollo.grupomedios.com\/futbol\/wp-json\/wp\/v2\/comments?post=479359"}],"version-history":[{"count":9,"href":"http:\/\/desarrollo.grupomedios.com\/futbol\/wp-json\/wp\/v2\/posts\/479359\/revisions"}],"predecessor-version":[{"id":479432,"href":"http:\/\/desarrollo.grupomedios.com\/futbol\/wp-json\/wp\/v2\/posts\/479359\/revisions\/479432"}],"wp:featuredmedia":[{"embeddable":true,"href":"http:\/\/desarrollo.grupomedios.com\/futbol\/wp-json\/wp\/v2\/media\/479419"}],"wp:attachment":[{"href":"http:\/\/desarrollo.grupomedios.com\/futbol\/wp-json\/wp\/v2\/media?parent=479359"}],"wp:term":[{"taxonomy":"category","embeddable":true,"href":"http:\/\/desarrollo.grupomedios.com\/futbol\/wp-json\/wp\/v2\/categories?post=479359"},{"taxonomy":"post_tag","embeddable":true,"href":"http:\/\/desarrollo.grupomedios.com\/futbol\/wp-json\/wp\/v2\/tags?post=479359"}],"curies":[{"name":"wp","href":"https:\/\/api.w.org\/{rel}","templated":true}]}}