{"id":479366,"date":"2017-05-17T10:09:03","date_gmt":"2017-05-17T15:09:03","guid":{"rendered":"https:\/\/www.futboltotal.com.mx\/?p=479366"},"modified":"2017-05-17T10:09:03","modified_gmt":"2017-05-17T15:09:03","slug":"america-no-le-daria-una-segunda-oportunidad-a-moises-munoz","status":"publish","type":"post","link":"http:\/\/desarrollo.grupomedios.com\/futbol\/destacado-home\/america-no-le-daria-una-segunda-oportunidad-a-moises-munoz\/2017\/05","title":{"rendered":"Am\u00e9rica no le dar\u00eda una segunda oportunidad a Mois\u00e9s Mu\u00f1oz"},"content":{"rendered":"<p>Apenas en d\u00edas pasados se hablaba de la <a href=\"https:\/\/www.futboltotal.com.mx\/2017\/05\/moises-munoz-regresaria-al-america-apertura-2017\/\" target=\"_blank\"><span style=\"color: #333399;\">gran posibilidad de que el portero <strong>Mois\u00e9s Mu\u00f1oz<\/strong> vuelva al <strong>Am\u00e9rica<\/strong><\/span><\/a> para <a href=\"https:\/\/www.futboltotal.com.mx\/2017\/05\/moises-munoz-marchesin-pelearina-titularidad-en-america\/\" target=\"_blank\"><span style=\"color: #333399;\">competir con <strong>Agust\u00edn Marches\u00edn<\/strong> por la titularidad en la porter\u00eda azulcrema<\/span><\/a>, opci\u00f3n que parece haber sido desechada por las <em>\u00c1guilas<\/em> y <em>Moi<\/em> deber\u00e1 buscar nuevo club.<\/p>\n<p>El arquero mexicano acaba de sufrir un descenso con el equipo de <strong>Jaguares<\/strong>, aunque su carta pertenece al <strong>Am\u00e9rica<\/strong>, por lo que el pr\u00f3ximo 5 de junio deber\u00e1 reportarse en Coapa, aunque con nulas opciones de mantenerse en el plantel, seg\u00fan reporta el diario R\u00e9cord.<\/p>\n<p style=\"text-align: center;\"><a href=\"https:\/\/www.futboltotal.com.mx\/2017\/05\/ricardo-pelaez-podria-llegar-directivo-al-queretaro\/\" target=\"_blank\"><span style=\"color: #333399;\">VER M\u00c1S: Ricardo Pel\u00e1ez podr\u00eda llegar como directivo al Quer\u00e9taro<\/span><\/a><\/p>\n<p>A la espera de que se confirme a <strong>Miguel Herrera<\/strong> como nuevo t\u00e9cnico de las <em>\u00c1guilas<\/em> y que se conozcan los nombres de los nuevos directivos del club, Mu\u00f1oz parece no estar en planes del proyecto que encabezar\u00e1 el <em><strong>Piojo<\/strong><\/em>.<\/p>\n<p><em>Moi<\/em> desconoce si pese a este posible escenario el cuadro azulcrema le renovar\u00e1 su contrato, adem\u00e1s de que sin el aval del <strong>Am\u00e9rica<\/strong> no podr\u00eda contratarse con ning\u00fan otro club a causa del llamado <strong><em>Pacto de Caballeros<\/em><\/strong>, lo que le orillar\u00eda a emigrar a un club del extranjero.<\/p>\n<p>La posibilidad m\u00e1s viable, de no seguir en la Liga MX, apunta a la <strong>MLS<\/strong>, liga de la que en el pasado ya han mostrado el deseo de contar con <strong>Mois\u00e9s<\/strong> y el jugador tendr\u00eda hasta el 31 de agosto para firmar con un equipo del exterior. Mientras tanto, el portero se encuentra de vacaciones con su familia en Rep\u00fablica Checa.<\/p>\n<p style=\"text-align: center;\"><a href=\"https:\/\/www.futboltotal.com.mx\/2017\/05\/cruz-azul-tendria-pagar-millonada-tiago-volpi\/\" target=\"_blank\"><span style=\"color: #333399;\">VER M\u00c1S: \u00a1Cruz Azul tendr\u00eda que pagar millonada por Tiago Volpi!<\/span><\/a><\/p>\n<blockquote class=\"instagram-media\" style=\"background: #FFF; border: 0; border-radius: 3px; box-shadow: 0 0 1px 0 rgba(0,0,0,0.5),0 1px 10px 0 rgba(0,0,0,0.15); margin: 1px; max-width: 658px; padding: 0; width: calc(100% - 2px);\" data-instgrm-captioned=\"\" data-instgrm-version=\"7\">\n<div style=\"padding: 8px;\">\n<div style=\"background: #F8F8F8; line-height: 0; margin-top: 40px; padding: 50.0% 0; text-align: center; width: 100%;\"><\/div>\n<p style=\"margin: 8px 0 0 0; padding: 0 4px;\"><a style=\"color: #000; font-family: Arial,sans-serif; font-size: 14px; font-style: normal; font-weight: normal; line-height: 17px; text-decoration: none; word-wrap: break-word;\" href=\"https:\/\/www.instagram.com\/p\/BUHdPEilHQ1\/\" target=\"_blank\">Desde la torre de el castillo!!!<\/a><\/p>\n<p style=\"color: #c9c8cd; font-family: Arial,sans-serif; font-size: 14px; line-height: 17px; margin-bottom: 0; margin-top: 8px; overflow: hidden; padding: 8px 0 7px; text-align: center; text-overflow: ellipsis; white-space: nowrap;\">A post shared by @moymu23 on <time style=\"font-family: Arial,sans-serif; font-size: 14px; line-height: 17px;\" datetime=\"2017-05-15T14:34:16+00:00\">May 15, 2017 at 7:34am PDT<\/time><\/p>\n<\/div>\n<\/blockquote>\n<p><script async defer src=\"\/\/platform.instagram.com\/en_US\/embeds.js\"><\/script><\/p>\n","protected":false},"excerpt":{"rendered":"<p>Las \u00c1guilas tendr\u00edan otros planes con el futuro de Mois\u00e9s Mu\u00f1oz.<\/p>\n","protected":false},"author":20,"featured_media":451896,"comment_status":"closed","ping_status":"closed","sticky":false,"template":"","format":"standard","meta":[],"categories":[5,7740,2198,3845],"tags":[1585,5959,8357,64,635],"_links":{"self":[{"href":"http:\/\/desarrollo.grupomedios.com\/futbol\/wp-json\/wp\/v2\/posts\/479366"}],"collection":[{"href":"http:\/\/desarrollo.grupomedios.com\/futbol\/wp-json\/wp\/v2\/posts"}],"about":[{"href":"http:\/\/desarrollo.grupomedios.com\/futbol\/wp-json\/wp\/v2\/types\/post"}],"author":[{"embeddable":true,"href":"http:\/\/desarrollo.grupomedios.com\/futbol\/wp-json\/wp\/v2\/users\/20"}],"replies":[{"embeddable":true,"href":"http:\/\/desarrollo.grupomedios.com\/futbol\/wp-json\/wp\/v2\/comments?post=479366"}],"version-history":[{"count":1,"href":"http:\/\/desarrollo.grupomedios.com\/futbol\/wp-json\/wp\/v2\/posts\/479366\/revisions"}],"predecessor-version":[{"id":479370,"href":"http:\/\/desarrollo.grupomedios.com\/futbol\/wp-json\/wp\/v2\/posts\/479366\/revisions\/479370"}],"wp:featuredmedia":[{"embeddable":true,"href":"http:\/\/desarrollo.grupomedios.com\/futbol\/wp-json\/wp\/v2\/media\/451896"}],"wp:attachment":[{"href":"http:\/\/desarrollo.grupomedios.com\/futbol\/wp-json\/wp\/v2\/media?parent=479366"}],"wp:term":[{"taxonomy":"category","embeddable":true,"href":"http:\/\/desarrollo.grupomedios.com\/futbol\/wp-json\/wp\/v2\/categories?post=479366"},{"taxonomy":"post_tag","embeddable":true,"href":"http:\/\/desarrollo.grupomedios.com\/futbol\/wp-json\/wp\/v2\/tags?post=479366"}],"curies":[{"name":"wp","href":"https:\/\/api.w.org\/{rel}","templated":true}]}}