{"id":479371,"date":"2017-05-17T12:09:27","date_gmt":"2017-05-17T17:09:27","guid":{"rendered":"https:\/\/www.futboltotal.com.mx\/?p=479371"},"modified":"2017-05-17T12:09:27","modified_gmt":"2017-05-17T17:09:27","slug":"carlos-felipe-rodriguez-esta-mira-pumas-puebla","status":"publish","type":"post","link":"http:\/\/desarrollo.grupomedios.com\/futbol\/futbol-mexicano\/carlos-felipe-rodriguez-esta-mira-pumas-puebla\/2017\/05","title":{"rendered":"Carlos Felipe Rodr\u00edguez est\u00e1 en la mira de Pumas y Puebla"},"content":{"rendered":"<p><strong>Morelia<\/strong> vivi\u00f3 un gran cierre en el\u00a0<strong>Clausura 2017<\/strong>, salv\u00e1ndose de descender de \u00faltimo momento y calificando a la <strong>Liguilla<\/strong>, pero en el tramo final del torneo el portero <strong>Carlos Felipe Rodr\u00edguez<\/strong> perdi\u00f3 la titularidad, lo que alimenta los rumores sobre su salida de <em><strong>Monarcas<\/strong> <\/em>y que ya hay dos clubes que analizan su fichaje.<\/p>\n<p>De acuerdo al sitio Medio Tiempo, el arquero del <strong>Morelia<\/strong> estar\u00eda buscando acomodo en alg\u00fan club de la Liga MX despu\u00e9s de que el argentino <strong>Sebasti\u00e1n Sosa<\/strong> tuviera buenas actuaciones en <strong>Copa MX<\/strong> y le arrebatara la titularidad en los dos \u00faltimos juegos de Liga y en los partidos de cuartos de final.<\/p>\n<p style=\"text-align: center;\"><a href=\"https:\/\/www.futboltotal.com.mx\/2017\/05\/guillermo-ochoa-jugara-en-la-segunda-division-espana\/\" target=\"_blank\"><span style=\"color: #333399;\">VER M\u00c1S: Guillermo Ochoa no jugar\u00e1 en la Segunda Divisi\u00f3n espa\u00f1ola<\/span><\/a><\/p>\n<p><strong>Rodr\u00edguez<\/strong>, quien tambi\u00e9n es primo del guardameta <strong>Mois\u00e9s Mu\u00f1oz<\/strong>, interesar\u00eda a los equipos <strong>Pumas<\/strong> y <strong>Puebla<\/strong>, quienes est\u00e1n en busca de portero luego de que se concretaran las salidas de <strong>Alejandro <em>Pikol\u00edn<\/em> Palacios<\/strong> y <strong>Cristian Campestrini<\/strong> respectivamente.<\/p>\n<p><strong>Carlos Felipe<\/strong> disput\u00f3 los primeros 15 juegos de Liga con <em>Monarcas<\/em> y desde 2009 es parte del primer equipo del Morelia, aunque en m\u00e1s de una etapa ha estado a la sombra de otros arqueros como <strong>Mu\u00f1oz<\/strong> o <strong>Federico Vilar<\/strong>.<\/p>\n<p style=\"text-align: center;\"><a href=\"https:\/\/www.futboltotal.com.mx\/2017\/05\/america-no-le-daria-una-segunda-oportunidad-a-moises-munoz\/\" target=\"_blank\"><span style=\"color: #333399;\">VER M\u00c1S: Am\u00e9rica no le dar\u00eda una segunda oportunidad a Mois\u00e9s Mu\u00f1oz<\/span><\/a><\/p>\n","protected":false},"excerpt":{"rendered":"<p>Carlos Felipe Rodr\u00edguez ya suena para reforzar a Pumas o Puebla.<\/p>\n","protected":false},"author":20,"featured_media":479378,"comment_status":"closed","ping_status":"closed","sticky":false,"template":"","format":"standard","meta":[],"categories":[7740,2198,3845],"tags":[8609,64,5967,5969,74],"_links":{"self":[{"href":"http:\/\/desarrollo.grupomedios.com\/futbol\/wp-json\/wp\/v2\/posts\/479371"}],"collection":[{"href":"http:\/\/desarrollo.grupomedios.com\/futbol\/wp-json\/wp\/v2\/posts"}],"about":[{"href":"http:\/\/desarrollo.grupomedios.com\/futbol\/wp-json\/wp\/v2\/types\/post"}],"author":[{"embeddable":true,"href":"http:\/\/desarrollo.grupomedios.com\/futbol\/wp-json\/wp\/v2\/users\/20"}],"replies":[{"embeddable":true,"href":"http:\/\/desarrollo.grupomedios.com\/futbol\/wp-json\/wp\/v2\/comments?post=479371"}],"version-history":[{"count":1,"href":"http:\/\/desarrollo.grupomedios.com\/futbol\/wp-json\/wp\/v2\/posts\/479371\/revisions"}],"predecessor-version":[{"id":479381,"href":"http:\/\/desarrollo.grupomedios.com\/futbol\/wp-json\/wp\/v2\/posts\/479371\/revisions\/479381"}],"wp:featuredmedia":[{"embeddable":true,"href":"http:\/\/desarrollo.grupomedios.com\/futbol\/wp-json\/wp\/v2\/media\/479378"}],"wp:attachment":[{"href":"http:\/\/desarrollo.grupomedios.com\/futbol\/wp-json\/wp\/v2\/media?parent=479371"}],"wp:term":[{"taxonomy":"category","embeddable":true,"href":"http:\/\/desarrollo.grupomedios.com\/futbol\/wp-json\/wp\/v2\/categories?post=479371"},{"taxonomy":"post_tag","embeddable":true,"href":"http:\/\/desarrollo.grupomedios.com\/futbol\/wp-json\/wp\/v2\/tags?post=479371"}],"curies":[{"name":"wp","href":"https:\/\/api.w.org\/{rel}","templated":true}]}}