{"id":479376,"date":"2017-05-17T12:01:20","date_gmt":"2017-05-17T17:01:20","guid":{"rendered":"https:\/\/www.futboltotal.com.mx\/?p=479376"},"modified":"2017-05-17T12:01:20","modified_gmt":"2017-05-17T17:01:20","slug":"griezmann-torres-simeone-serian-padrinos-del-atletico-san-luis","status":"publish","type":"post","link":"http:\/\/desarrollo.grupomedios.com\/futbol\/futbol-mexicano\/griezmann-torres-simeone-serian-padrinos-del-atletico-san-luis\/2017\/05","title":{"rendered":"Griezmann, Torres y Simeone ser\u00edan padrinos del Atl\u00e9tico San Luis"},"content":{"rendered":"<p>Para presentar el proyecto del <strong>Atl\u00e9tico de San Luis<\/strong>, la nueva franquicia del futbol mexicano tendr\u00e1 a grandes figuras del <strong>Atl\u00e9tico de Madrid<\/strong> como &#8220;padrinos del equipo&#8221;.<\/p>\n<p>Los jugadores Antoine Griezmann, Fernando Torres, Diego God\u00edn y el director t\u00e9cnico, Diego Simeone, ser\u00e1n los encargados de visitar M\u00e9xico para la presentaci\u00f3n de la playera del equipo, que regresa a la actividad en el Apertura 2017 y tiene a los <em>Colchoneros<\/em> como socio mayoritario.<\/p>\n<p>El due\u00f1o del <strong>Atl\u00e9tico San Luis<\/strong>, Jacobo Pay\u00e1n, coment\u00f3 que aprovechando el duelo que el Atl\u00e9tico tiene pactado contra el Toluca por el Centenario del equipo en el Nemesio D\u00edez, alguno de los jugadores ser\u00e1n invitados especiales en el estadio Alfonso Lastras Ram\u00edrez, lugar donde se realizar\u00e1 el evento.<\/p>\n<p style=\"text-align: center;\"><span style=\"color: #3366ff;\"><a style=\"color: #3366ff;\" href=\"https:\/\/www.futboltotal.com.mx\/2017\/05\/guillermo-ochoa-jugara-en-la-segunda-division-espana\/\">VER M\u00c1S: Guillermo Ochoa no jugar\u00e1 en la Segunda Divisi\u00f3n de Espa\u00f1a<\/a><\/span><\/p>\n<blockquote><p>\u201cEl Atl\u00e9tico <span style=\"color: #3366ff;\"><a style=\"color: #3366ff;\" href=\"https:\/\/www.futboltotal.com.mx\/2017\/04\/atletico-madrid-sera-rival-del-toluca-centenario\/\" target=\"_blank\">primero jugar\u00e1 estar\u00e1 en Toluca<\/a><\/span> y despu\u00e9s en Los \u00c1ngeles y posteriormente algunos de sus integrantes vendr\u00e1n con nosotros a mediados de julio\u201d, asegur\u00f3 a <em>ESPN Digital<\/em>.<\/p>\n<p>\u201cVan a venir \u2018Ni\u00f1o\u2019 Torres, God\u00edn, Simeone y ese delantero que vale 100 millones de euros (Griezmann)\u201d, coment\u00f3 el dirigente.<\/p><\/blockquote>\n<p>Motivado porque la hora cero se acerca para los tuneros, el empresario mexicano asegura que \u201ces un gran acierto habernos asociado con el Atl\u00e9tico, que es uno de los mejores clubes del mundo. Posee un equipo en la India, en Francia y ahora en M\u00e9xico. Eso le dar\u00e1 mucho prestigio a la Federaci\u00f3n Mexicana de Futbol, m\u00e1s orden y seriedad\u201d, agreg\u00f3 Pay\u00e1n.<\/p>\n<p>La asociaci\u00f3n entre el club mexicano y el espa\u00f1ol est\u00e1 firmada por 20 a\u00f1os con opci\u00f3n a 10 m\u00e1s.<\/p>\n<p style=\"text-align: center;\"><span style=\"color: #3366ff;\"><a style=\"color: #3366ff;\" href=\"https:\/\/www.futboltotal.com.mx\/2017\/05\/cruz-azul-tendria-pagar-millonada-tiago-volpi\/\">VER M\u00c1S: \u00a1Cruz Azul tendr\u00eda que pagar millonada por Tiago Volpi!<\/a><\/span><\/p>\n","protected":false},"excerpt":{"rendered":"<p>Las figuras aprovecharan su paso por M\u00e9xico.<\/p>\n","protected":false},"author":20,"featured_media":473641,"comment_status":"closed","ping_status":"closed","sticky":false,"template":"","format":"standard","meta":[],"categories":[2198,3845],"tags":[6007,64,5971],"_links":{"self":[{"href":"http:\/\/desarrollo.grupomedios.com\/futbol\/wp-json\/wp\/v2\/posts\/479376"}],"collection":[{"href":"http:\/\/desarrollo.grupomedios.com\/futbol\/wp-json\/wp\/v2\/posts"}],"about":[{"href":"http:\/\/desarrollo.grupomedios.com\/futbol\/wp-json\/wp\/v2\/types\/post"}],"author":[{"embeddable":true,"href":"http:\/\/desarrollo.grupomedios.com\/futbol\/wp-json\/wp\/v2\/users\/20"}],"replies":[{"embeddable":true,"href":"http:\/\/desarrollo.grupomedios.com\/futbol\/wp-json\/wp\/v2\/comments?post=479376"}],"version-history":[{"count":1,"href":"http:\/\/desarrollo.grupomedios.com\/futbol\/wp-json\/wp\/v2\/posts\/479376\/revisions"}],"predecessor-version":[{"id":479379,"href":"http:\/\/desarrollo.grupomedios.com\/futbol\/wp-json\/wp\/v2\/posts\/479376\/revisions\/479379"}],"wp:featuredmedia":[{"embeddable":true,"href":"http:\/\/desarrollo.grupomedios.com\/futbol\/wp-json\/wp\/v2\/media\/473641"}],"wp:attachment":[{"href":"http:\/\/desarrollo.grupomedios.com\/futbol\/wp-json\/wp\/v2\/media?parent=479376"}],"wp:term":[{"taxonomy":"category","embeddable":true,"href":"http:\/\/desarrollo.grupomedios.com\/futbol\/wp-json\/wp\/v2\/categories?post=479376"},{"taxonomy":"post_tag","embeddable":true,"href":"http:\/\/desarrollo.grupomedios.com\/futbol\/wp-json\/wp\/v2\/tags?post=479376"}],"curies":[{"name":"wp","href":"https:\/\/api.w.org\/{rel}","templated":true}]}}