{"id":479429,"date":"2017-05-17T16:00:15","date_gmt":"2017-05-17T21:00:15","guid":{"rendered":"https:\/\/www.futboltotal.com.mx\/?p=479429"},"modified":"2017-05-17T16:00:15","modified_gmt":"2017-05-17T21:00:15","slug":"cristiano-acerca-al-real-madrid-a-conquistar-la-liga","status":"publish","type":"post","link":"http:\/\/desarrollo.grupomedios.com\/futbol\/destacado-home\/cristiano-acerca-al-real-madrid-a-conquistar-la-liga\/2017\/05","title":{"rendered":"Cristiano acerca al Real Madrid a conquistar la Liga"},"content":{"rendered":"<p>El <strong>Real Madrid<\/strong> no fall\u00f3 en Bala\u00eddos y de la mano de<strong> Cristiano Ronaldo<\/strong>, quien marc\u00f3 un doblete, consigui\u00f3 tres puntos de oro para recuperar la cima de la clasificaci\u00f3n y llegar l\u00edder en solitario la \u00faltima jornada, tras ganar este mi\u00e9rcoles por 1-4 al Celta en el partido pendiente de la vig\u00e9sima primera fecha.<\/p>\n<p>Con este triunfo, el <strong>Real Madrid<\/strong> est\u00e1 a un solo punto de ganar la Liga y podr\u00eda ser campe\u00f3n en su pr\u00f3xima visita al M\u00e1laga. Le saca tres puntos al Barcelona, que recibe al Eibar. La coronaci\u00f3n quedar\u00e1 a pedir de boca.<\/p>\n<p style=\"text-align: center;\"><span style=\"color: #3366ff;\"><a style=\"color: #3366ff;\" href=\"https:\/\/en-vivo.futboltotal.com.mx\/partido\/en-vivo-celta-de-vigo-vs-real-madrid-la-liga\/92\/\">VER M\u00c1S: As\u00ed se vivi\u00f3 | Celta 1-4 Real Madrid | La Liga<\/a><\/span><\/p>\n<blockquote class=\"twitter-video\" data-lang=\"es\">\n<p dir=\"ltr\" lang=\"en\">Cristiano Ronaldo&#8217;s Amazing Left foot finish! <a href=\"https:\/\/t.co\/8ZuXuMzA7v\">pic.twitter.com\/8ZuXuMzA7v<\/a><\/p>\n<p>\u2014 Newar (@DeadlyCristiano) <a href=\"https:\/\/twitter.com\/DeadlyCristiano\/status\/864945688815181824\">17 de mayo de 2017<\/a><\/p><\/blockquote>\n<p><script async src=\"\/\/platform.twitter.com\/widgets.js\" charset=\"utf-8\"><\/script><\/p>\n<p><strong>Cristiano Ronaldo<\/strong> adelant\u00f3 a su equipo en el minuto 10 con un zurdazo desde la frontal del \u00e1rea tras un jugada por la izquierda de Isco Alarc\u00f3n. El delantero portugu\u00e9s anot\u00f3 el 0-2 en el 48 al culminar un contragolpe conducido por Isco.<\/p>\n<blockquote class=\"twitter-video\" data-lang=\"es\">\n<p dir=\"ltr\" lang=\"es\">Lo de Isco ya es para tomar en serio.<\/p>\n<p>Segundo Gol de Cristiano. La liga de hace m\u00e1s blanca <a href=\"https:\/\/twitter.com\/hashtag\/HalaMadrid?src=hash\">#HalaMadrid<\/a> <a href=\"https:\/\/t.co\/TYnw0T1yBR\">pic.twitter.com\/TYnw0T1yBR<\/a><\/p>\n<p>\u2014 Abraham Vel\u00e1zquez \uf8ff (@AbrahamVelazqz) <a href=\"https:\/\/twitter.com\/AbrahamVelazqz\/status\/864937898960867329\">17 de mayo de 2017<\/a><\/p><\/blockquote>\n<p><script async src=\"\/\/platform.twitter.com\/widgets.js\" charset=\"utf-8\"><\/script><\/p>\n<p>El Celta acort\u00f3 distancias en el 69 con un tanto del sueco John Guidetti, cuyo disparo lo desvi\u00f3 al fondo de las mallas el defensa blanco Sergio Ramos.<\/p>\n<p>Un minuto m\u00e1s tarde lleg\u00f3 el 1-3, obra del franc\u00e9s Karim Benzema al rematar libre de marcaje y desde cerca un servicio por la izquierda del brasile\u00f1o Marcelo.<\/p>\n<blockquote class=\"twitter-video\" data-lang=\"es\">\n<p dir=\"ltr\" lang=\"es\">As\u00ed fue el Gol de <a href=\"https:\/\/twitter.com\/Benzema\">@Benzema<\/a> (Celta 1 Real Madrid 3)<\/p>\n<p>Recuerda seguirme para m\u00e1s v\u00eddeos <a href=\"https:\/\/t.co\/N0U8L4Kw2H\">pic.twitter.com\/N0U8L4Kw2H<\/a><\/p>\n<p>\u2014 Jorge Vizcaya \u26a1\u200f (@JorgeVizcaya7) <a href=\"https:\/\/twitter.com\/JorgeVizcaya7\/status\/864941644998750208\">17 de mayo de 2017<\/a><\/p><\/blockquote>\n<p><script async src=\"\/\/platform.twitter.com\/widgets.js\" charset=\"utf-8\"><\/script><\/p>\n<p>Pero en el ocaso del partido, apareci\u00f3 el alem\u00e1n Toni Kroos para firmar el 1-4 definitivo que deja al Real Madrid a solo un punto de poder ganar la Liga.<\/p>\n<blockquote class=\"twitter-video\" data-lang=\"es\">\n<p dir=\"ltr\" lang=\"en\">Kroos scores Madrids 4th goal after great pressing from Asensio <a href=\"https:\/\/twitter.com\/hashtag\/RealMadrid?src=hash\">#RealMadrid<\/a> <a href=\"https:\/\/t.co\/Pi8vcfOg35\">pic.twitter.com\/Pi8vcfOg35<\/a><\/p>\n<p>\u2014 Dan (@DanieIafc) <a href=\"https:\/\/twitter.com\/DanieIafc\/status\/864946034174296066\">17 de mayo de 2017<\/a><\/p><\/blockquote>\n<p><script async src=\"\/\/platform.twitter.com\/widgets.js\" charset=\"utf-8\"><\/script><\/p>\n","protected":false},"excerpt":{"rendered":"<p>El luso firma un doblete y deja a los Merengues a un punto de ganar el t\u00edtulo. <\/p>\n","protected":false},"author":20,"featured_media":479434,"comment_status":"closed","ping_status":"closed","sticky":false,"template":"","format":"standard","meta":[],"categories":[5,3839,3844],"tags":[6013,5988],"_links":{"self":[{"href":"http:\/\/desarrollo.grupomedios.com\/futbol\/wp-json\/wp\/v2\/posts\/479429"}],"collection":[{"href":"http:\/\/desarrollo.grupomedios.com\/futbol\/wp-json\/wp\/v2\/posts"}],"about":[{"href":"http:\/\/desarrollo.grupomedios.com\/futbol\/wp-json\/wp\/v2\/types\/post"}],"author":[{"embeddable":true,"href":"http:\/\/desarrollo.grupomedios.com\/futbol\/wp-json\/wp\/v2\/users\/20"}],"replies":[{"embeddable":true,"href":"http:\/\/desarrollo.grupomedios.com\/futbol\/wp-json\/wp\/v2\/comments?post=479429"}],"version-history":[{"count":1,"href":"http:\/\/desarrollo.grupomedios.com\/futbol\/wp-json\/wp\/v2\/posts\/479429\/revisions"}],"predecessor-version":[{"id":479435,"href":"http:\/\/desarrollo.grupomedios.com\/futbol\/wp-json\/wp\/v2\/posts\/479429\/revisions\/479435"}],"wp:featuredmedia":[{"embeddable":true,"href":"http:\/\/desarrollo.grupomedios.com\/futbol\/wp-json\/wp\/v2\/media\/479434"}],"wp:attachment":[{"href":"http:\/\/desarrollo.grupomedios.com\/futbol\/wp-json\/wp\/v2\/media?parent=479429"}],"wp:term":[{"taxonomy":"category","embeddable":true,"href":"http:\/\/desarrollo.grupomedios.com\/futbol\/wp-json\/wp\/v2\/categories?post=479429"},{"taxonomy":"post_tag","embeddable":true,"href":"http:\/\/desarrollo.grupomedios.com\/futbol\/wp-json\/wp\/v2\/tags?post=479429"}],"curies":[{"name":"wp","href":"https:\/\/api.w.org\/{rel}","templated":true}]}}