{"id":479451,"date":"2017-05-17T18:30:09","date_gmt":"2017-05-17T23:30:09","guid":{"rendered":"https:\/\/www.futboltotal.com.mx\/?p=479451"},"modified":"2017-05-17T18:35:20","modified_gmt":"2017-05-17T23:35:20","slug":"raul-jimenez-podria-dejar-al-benfica","status":"publish","type":"post","link":"http:\/\/desarrollo.grupomedios.com\/futbol\/uncategorized\/raul-jimenez-podria-dejar-al-benfica\/2017\/05","title":{"rendered":"Ra\u00fal Jim\u00e9nez podr\u00eda dejar al Benfica"},"content":{"rendered":"<p>Despu\u00e9s de haber celebrado el t\u00edtulo de liga con el <strong>Benfica<\/strong>, el delantero <strong>Ra\u00fal Jim\u00e9nez<\/strong>\u00a0buscar\u00e1 cambiar de club para la temporada 2017-18. Su salida se dar\u00eda en el pr\u00f3ximo mercado de traspasos despu\u00e9s de no encontrar la continuidad esperada con el entrenador Rui Vitoria.<\/p>\n<p>Al menos esa es la \u00faltima informaci\u00f3n que publica este mi\u00e9rcoles el diario <em>O Jogo,\u00a0<\/em>que especula con un eventual cambio de aires a pesar de que el mexicano tiene contrato hasta 2020.<\/p>\n<p>Seg\u00fan el medio citado, <strong>Jim\u00e9nez<\/strong>\u00a0tiene como prioridad afianzar la titularidad en alg\u00fan club y es consciente que tiene m\u00ednimas posibilidad vistiendo la camiseta del Benfica, dado que en las dos temporadas que ha jugado con las <em>\u00c1guilas<\/em>\u00a0el entrenador Rui Vitoria lo contempla como un recambio de lujo y no como el delantero inamovible.<\/p>\n<p style=\"text-align: center;\"><a href=\"https:\/\/www.futboltotal.com.mx\/2017\/05\/benfica-y-raul-jimenez-logran-el-tetracampeonato-en-portugal\/\"><span style=\"color: #3366ff;\">VER M\u00c1S: Benfica celebra el tetracampeonato<\/span><\/a><\/p>\n<p style=\"text-align: left;\">Si algo ha demostrado <strong>Ra\u00fal<\/strong> en la Primeira Liga es calidad para ser titular indiscutible. Independientemente del nivel del campeonato, donde al t\u00edtulo solo aspiran Porto, Sporting y Benfica, el internacional mexicano ha mostrado un crecimiento importante y respondido en la cancha con goles. El a\u00f1o pasado hizo 12 en m\u00e1s de 1600 minutos y ahora lleva una decena en poco m\u00e1s de mil.<\/p>\n<p style=\"text-align: left;\">En su primer a\u00f1o con el Benfica fue vital para ganar la Copa, adem\u00e1s tuvo una modesta participaci\u00f3n para la conquista del t\u00edtulo. Eso sin contar que durante la presente temporada ha sido decisivo y cada que anot\u00f3 en el campeonato luso su equipo siempre consigui\u00f3 la victoria. Su \u00faltima diana vali\u00f3 el t\u00edtulo liguero para el Benfica.<\/p>\n<p style=\"text-align: left;\">Sin embargo, ni as\u00ed ha conseguido que el entrenador Rui Vitoria le de suficiente rodaje y lo mantiene como el recambio de Mitroglu en punta o emergente de Jonas por la banda.<\/p>\n<p style=\"text-align: left;\">Jim\u00e9nez ya consigui\u00f3 tres t\u00edtulos con las <em>\u00c1guilas<\/em> en dos a\u00f1os y podr\u00eda conquistar otro m\u00e1s si gana la Final de la <em>Ta\u00e7a<\/em>. Su \u00fanico deseo es tener continuidad, aunque siempre en el balompi\u00e9 de Europa, descartando el ir a China, como ya ocurri\u00f3 en el pasado mercado invernal. Camino a su cuarto a\u00f1o por el <em>Viejo Continente<\/em>, su cambio de aires podr\u00eda darse.<\/p>\n<p style=\"text-align: left;\">\n","protected":false},"excerpt":{"rendered":"<p>En Portugal afirman que el mexicano podr\u00eda cambiar de club en el mercado de verano.<\/p>\n","protected":false},"author":20,"featured_media":437915,"comment_status":"closed","ping_status":"closed","sticky":false,"template":"","format":"standard","meta":[],"categories":[1],"tags":[6060,742],"_links":{"self":[{"href":"http:\/\/desarrollo.grupomedios.com\/futbol\/wp-json\/wp\/v2\/posts\/479451"}],"collection":[{"href":"http:\/\/desarrollo.grupomedios.com\/futbol\/wp-json\/wp\/v2\/posts"}],"about":[{"href":"http:\/\/desarrollo.grupomedios.com\/futbol\/wp-json\/wp\/v2\/types\/post"}],"author":[{"embeddable":true,"href":"http:\/\/desarrollo.grupomedios.com\/futbol\/wp-json\/wp\/v2\/users\/20"}],"replies":[{"embeddable":true,"href":"http:\/\/desarrollo.grupomedios.com\/futbol\/wp-json\/wp\/v2\/comments?post=479451"}],"version-history":[{"count":3,"href":"http:\/\/desarrollo.grupomedios.com\/futbol\/wp-json\/wp\/v2\/posts\/479451\/revisions"}],"predecessor-version":[{"id":479460,"href":"http:\/\/desarrollo.grupomedios.com\/futbol\/wp-json\/wp\/v2\/posts\/479451\/revisions\/479460"}],"wp:featuredmedia":[{"embeddable":true,"href":"http:\/\/desarrollo.grupomedios.com\/futbol\/wp-json\/wp\/v2\/media\/437915"}],"wp:attachment":[{"href":"http:\/\/desarrollo.grupomedios.com\/futbol\/wp-json\/wp\/v2\/media?parent=479451"}],"wp:term":[{"taxonomy":"category","embeddable":true,"href":"http:\/\/desarrollo.grupomedios.com\/futbol\/wp-json\/wp\/v2\/categories?post=479451"},{"taxonomy":"post_tag","embeddable":true,"href":"http:\/\/desarrollo.grupomedios.com\/futbol\/wp-json\/wp\/v2\/tags?post=479451"}],"curies":[{"name":"wp","href":"https:\/\/api.w.org\/{rel}","templated":true}]}}