{"id":479473,"date":"2017-05-17T21:14:47","date_gmt":"2017-05-18T02:14:47","guid":{"rendered":"https:\/\/www.futboltotal.com.mx\/?p=479473"},"modified":"2017-05-17T21:17:57","modified_gmt":"2017-05-18T02:17:57","slug":"real-sociedad-prepara-sustituto-carlos-vela","status":"publish","type":"post","link":"http:\/\/desarrollo.grupomedios.com\/futbol\/futbol-internacional\/real-sociedad-prepara-sustituto-carlos-vela\/2017\/05","title":{"rendered":"\u00a1\u00bfReal Sociedad busca a sustituto de Carlos Vela?!"},"content":{"rendered":"<p>La <strong>Real Sociedad<\/strong> est\u00e1 planeando sus fichajes de cara a la siguiente campa\u00f1a, sobre todo en la delantera, donde ya prev\u00e9n la salida del mexicano <strong>Carlos Vela<\/strong>, quien ha sonado para cambiar de aires en el verano. El sustituo del Bombardero provendr\u00eda del Atl\u00e9tico de Madrid, club donde milita el ex compa\u00f1ero de los Txuri-Urd\u00edn, Antoine Griezmann.<\/p>\n<p>De acuerdo al portal de Marca, \u00c1ngel Correa, es el delantero del Atl\u00e9tico de Madrid en el que est\u00e1n interesados en <strong>Real Sociedad<\/strong>, para que llene el enorme hueco que dejar\u00eda <strong>Carlos Vela<\/strong>, si deja al equipo tras el mercado de fichajes en Europa.<\/p>\n<p style=\"text-align: center;\"><span style=\"color: #3366ff;\"><a style=\"color: #3366ff;\" href=\"https:\/\/www.futboltotal.com.mx\/2017\/05\/raul-jimenez-podria-dejar-al-benfica\/\" target=\"_blank\"><strong>VER M\u00c1S: Ra\u00fal Jim\u00e9nez, cerca de salir del Benfica<\/strong><\/a><\/span><\/p>\n<p>Son diversos los destinos a donde suena <strong>Carlos Vela<\/strong>, para jugar a partir del ciclo futbol\u00edstico 2017-18: la MLS, Premier League, La Liga o hasta M\u00e9xico, aparecen en el listado, pero no hay algo claro hasta el momento.<\/p>\n<p style=\"text-align: center;\"><span style=\"color: #3366ff;\"><a style=\"color: #3366ff;\" href=\"https:\/\/www.futboltotal.com.mx\/2017\/05\/juventus-gane-la-champions-le-den-balon-oro-a-buffon-griezmann\/\" target=\"_blank\"><strong>VER M\u00c1S: &#8220;Que Juve gane la Champions para que Buffon se lleve el Bal\u00f3n de Oro&#8221;, indica Griezmann<\/strong><\/a><\/span><\/p>\n<p style=\"text-align: center;\"><a href=\"https:\/\/www.futboltotal.com.mx\/wp-content\/uploads\/2017\/05\/real-sociedad-vela-marca.jpg\"><img decoding=\"async\" loading=\"lazy\" class=\"alignnone size-full wp-image-479474\" src=\"https:\/\/www.futboltotal.com.mx\/wp-content\/uploads\/2017\/05\/real-sociedad-vela-marca.jpg\" alt=\"\u00a1\u00bfReal Sociedad busca a sustituto de Carlos Vela?! 0\" srcset=\"http:\/\/desarrollo.grupomedios.com\/futbol\/wp-content\/uploads\/2017\/05\/real-sociedad-vela-marca.jpg 1136w, http:\/\/desarrollo.grupomedios.com\/futbol\/wp-content\/uploads\/2017\/05\/real-sociedad-vela-marca-300x169.jpg 300w, http:\/\/desarrollo.grupomedios.com\/futbol\/wp-content\/uploads\/2017\/05\/real-sociedad-vela-marca-768x432.jpg 768w, http:\/\/desarrollo.grupomedios.com\/futbol\/wp-content\/uploads\/2017\/05\/real-sociedad-vela-marca-1024x576.jpg 1024w, http:\/\/desarrollo.grupomedios.com\/futbol\/wp-content\/uploads\/2017\/05\/real-sociedad-vela-marca-317x178.jpg 317w, http:\/\/desarrollo.grupomedios.com\/futbol\/wp-content\/uploads\/2017\/05\/real-sociedad-vela-marca-535x301.jpg 535w, http:\/\/desarrollo.grupomedios.com\/futbol\/wp-content\/uploads\/2017\/05\/real-sociedad-vela-marca-374x210.jpg 374w\" sizes=\"(max-width: 1136px) 100vw, 1136px\" \/><\/a><\/p>\n<p style=\"text-align: center;\"><span style=\"color: #3366ff;\"><a style=\"color: #3366ff;\" href=\"https:\/\/www.futboltotal.com.mx\/2017\/05\/10-besos-famosos-entre-futbolistas\/\" target=\"_blank\"><strong>VER M\u00c1S: 10 besos famosos entre futbolistas<\/strong><\/a><\/span><\/p>\n<p>S\u00edguenos en Twitter: <a href=\"https:\/\/twitter.com\/MXFutbolTotal\" target=\"_blank\">@MXFutbolTotal<\/a><\/p>\n","protected":false},"excerpt":{"rendered":"<p>Los Txuri-Urd\u00edn quieren a un delantero que cubra el enorme hueco del Bombardero.<\/p>\n","protected":false},"author":20,"featured_media":479475,"comment_status":"closed","ping_status":"closed","sticky":false,"template":"","format":"standard","meta":[],"categories":[3839,3844,6718],"tags":[6048,6214],"_links":{"self":[{"href":"http:\/\/desarrollo.grupomedios.com\/futbol\/wp-json\/wp\/v2\/posts\/479473"}],"collection":[{"href":"http:\/\/desarrollo.grupomedios.com\/futbol\/wp-json\/wp\/v2\/posts"}],"about":[{"href":"http:\/\/desarrollo.grupomedios.com\/futbol\/wp-json\/wp\/v2\/types\/post"}],"author":[{"embeddable":true,"href":"http:\/\/desarrollo.grupomedios.com\/futbol\/wp-json\/wp\/v2\/users\/20"}],"replies":[{"embeddable":true,"href":"http:\/\/desarrollo.grupomedios.com\/futbol\/wp-json\/wp\/v2\/comments?post=479473"}],"version-history":[{"count":2,"href":"http:\/\/desarrollo.grupomedios.com\/futbol\/wp-json\/wp\/v2\/posts\/479473\/revisions"}],"predecessor-version":[{"id":479477,"href":"http:\/\/desarrollo.grupomedios.com\/futbol\/wp-json\/wp\/v2\/posts\/479473\/revisions\/479477"}],"wp:featuredmedia":[{"embeddable":true,"href":"http:\/\/desarrollo.grupomedios.com\/futbol\/wp-json\/wp\/v2\/media\/479475"}],"wp:attachment":[{"href":"http:\/\/desarrollo.grupomedios.com\/futbol\/wp-json\/wp\/v2\/media?parent=479473"}],"wp:term":[{"taxonomy":"category","embeddable":true,"href":"http:\/\/desarrollo.grupomedios.com\/futbol\/wp-json\/wp\/v2\/categories?post=479473"},{"taxonomy":"post_tag","embeddable":true,"href":"http:\/\/desarrollo.grupomedios.com\/futbol\/wp-json\/wp\/v2\/tags?post=479473"}],"curies":[{"name":"wp","href":"https:\/\/api.w.org\/{rel}","templated":true}]}}