{"id":479478,"date":"2017-05-17T21:35:14","date_gmt":"2017-05-18T02:35:14","guid":{"rendered":"https:\/\/www.futboltotal.com.mx\/?p=479478"},"modified":"2017-05-18T09:27:42","modified_gmt":"2017-05-18T14:27:42","slug":"directiva-puebla-habria-vendido-al-equipo-a-celaya","status":"publish","type":"post","link":"http:\/\/desarrollo.grupomedios.com\/futbol\/destacado-home\/directiva-puebla-habria-vendido-al-equipo-a-celaya\/2017\/05","title":{"rendered":"Directiva de Puebla habr\u00eda vendido al equipo&#8230; \u00a1\u00bfA Celaya?!"},"content":{"rendered":"<p>A trav\u00e9s de su cuenta de Twitter, la agencia de informaci\u00f3n deportiva, Pressport, dio a conocer que la familia Chargoy vendi\u00f3 a <strong>Puebla<\/strong>, y en la transacci\u00f3n se analiza cambiar de sede al equipo, para que juegue en <strong>Celaya<\/strong>, por lo que los <em>Toros<\/em>, volver\u00edan a tener equipo de Primera Divisi\u00f3n.<\/p>\n<p style=\"text-align: center;\"><span style=\"color: #3366ff;\"><a style=\"color: #3366ff;\" href=\"https:\/\/www.futboltotal.com.mx\/2017\/05\/america-rayados-intercambiarian-delanteros\/\" target=\"_blank\"><strong>VER M\u00c1S: Am\u00e9rica y Monterrey intercambiar\u00edan delanteros<\/strong><\/a><\/span><\/p>\n<blockquote class=\"twitter-tweet\" data-lang=\"es\">\n<p dir=\"ltr\" lang=\"es\">La directiva del <a href=\"https:\/\/twitter.com\/ClubPueblaMX\">@ClubPueblaMX<\/a> habr\u00eda llegado a un acuerdo para vender al equipo. Se analiza el cambio de plaza a Celaya. &#x1f3bd; <a href=\"https:\/\/t.co\/B9tIWI7W9w\">pic.twitter.com\/B9tIWI7W9w<\/a><\/p>\n<p>\u2014 PressPort (@PressPortmx) <a href=\"https:\/\/twitter.com\/PressPortmx\/status\/865027260654465024\">18 de mayo de 2017<\/a><\/p><\/blockquote>\n<p><script async src=\"\/\/platform.twitter.com\/widgets.js\" charset=\"utf-8\"><\/script><\/p>\n<p style=\"text-align: center;\"><span style=\"color: #3366ff;\"><a style=\"color: #3366ff;\" href=\"https:\/\/www.futboltotal.com.mx\/2017\/05\/jesus-lopez-chargoy-gana-pugna-legal-nombre-del-puebla\/\" target=\"_blank\"><strong>VER M\u00c1S: Puebla venci\u00f3 guerra legal por nombre y escudo<\/strong><\/a><\/span><\/p>\n<p>Cabe destacar, que Hugo S\u00e1nchez era uno de los interesados en adquirir a <strong>Puebla,<\/strong> as\u00ed que podr\u00eda ser que otro postor le gan\u00f3 la partida, o que fue \u00e9l comprador y que decidi\u00f3 darle vida al equipo donde milit\u00f3 en la d\u00e9cada de 1990.<\/p>\n<p><a href=\"https:\/\/www.futboltotal.com.mx\/wp-content\/uploads\/2017\/05\/celaya-volveria-a-la-primera-division.jpg\"><img decoding=\"async\" loading=\"lazy\" class=\"alignnone size-full wp-image-479480\" src=\"https:\/\/www.futboltotal.com.mx\/wp-content\/uploads\/2017\/05\/celaya-volveria-a-la-primera-division.jpg\" alt=\"Directiva de Puebla habr\u00eda vendido al equipo&#8230; \u00a1\u00bfA Celaya?! 0\" srcset=\"http:\/\/desarrollo.grupomedios.com\/futbol\/wp-content\/uploads\/2017\/05\/celaya-volveria-a-la-primera-division.jpg 1136w, http:\/\/desarrollo.grupomedios.com\/futbol\/wp-content\/uploads\/2017\/05\/celaya-volveria-a-la-primera-division-300x169.jpg 300w, http:\/\/desarrollo.grupomedios.com\/futbol\/wp-content\/uploads\/2017\/05\/celaya-volveria-a-la-primera-division-768x432.jpg 768w, http:\/\/desarrollo.grupomedios.com\/futbol\/wp-content\/uploads\/2017\/05\/celaya-volveria-a-la-primera-division-1024x576.jpg 1024w, http:\/\/desarrollo.grupomedios.com\/futbol\/wp-content\/uploads\/2017\/05\/celaya-volveria-a-la-primera-division-317x178.jpg 317w, http:\/\/desarrollo.grupomedios.com\/futbol\/wp-content\/uploads\/2017\/05\/celaya-volveria-a-la-primera-division-535x301.jpg 535w, http:\/\/desarrollo.grupomedios.com\/futbol\/wp-content\/uploads\/2017\/05\/celaya-volveria-a-la-primera-division-374x210.jpg 374w\" sizes=\"(max-width: 1136px) 100vw, 1136px\" \/><\/a><\/p>\n<p style=\"text-align: center;\"><span style=\"color: #3366ff;\"><a style=\"color: #3366ff;\" href=\"https:\/\/www.futboltotal.com.mx\/2017\/05\/futbol-estufa-rumores-y-fichajes-rumbo-al-apertura-2017-la-liga-mx\/\" target=\"_blank\"><strong>VER M\u00c1S: Futbol de Estufa | Rumbo al Apertura 2017<\/strong><\/a><\/span><\/p>\n<p>S\u00edguenos en Twitter: <a href=\"https:\/\/twitter.com\/MXFutbolTotal\" target=\"_blank\">@MXfutbolTotal<\/a><\/p>\n","protected":false},"excerpt":{"rendered":"<p>Afirman que la familia Chargoy ha cedido al equipo y analiza cambio de plaza.<\/p>\n","protected":false},"author":20,"featured_media":479479,"comment_status":"closed","ping_status":"closed","sticky":false,"template":"","format":"standard","meta":[],"categories":[5,2198,3845],"tags":[2502,5969],"_links":{"self":[{"href":"http:\/\/desarrollo.grupomedios.com\/futbol\/wp-json\/wp\/v2\/posts\/479478"}],"collection":[{"href":"http:\/\/desarrollo.grupomedios.com\/futbol\/wp-json\/wp\/v2\/posts"}],"about":[{"href":"http:\/\/desarrollo.grupomedios.com\/futbol\/wp-json\/wp\/v2\/types\/post"}],"author":[{"embeddable":true,"href":"http:\/\/desarrollo.grupomedios.com\/futbol\/wp-json\/wp\/v2\/users\/20"}],"replies":[{"embeddable":true,"href":"http:\/\/desarrollo.grupomedios.com\/futbol\/wp-json\/wp\/v2\/comments?post=479478"}],"version-history":[{"count":1,"href":"http:\/\/desarrollo.grupomedios.com\/futbol\/wp-json\/wp\/v2\/posts\/479478\/revisions"}],"predecessor-version":[{"id":479481,"href":"http:\/\/desarrollo.grupomedios.com\/futbol\/wp-json\/wp\/v2\/posts\/479478\/revisions\/479481"}],"wp:featuredmedia":[{"embeddable":true,"href":"http:\/\/desarrollo.grupomedios.com\/futbol\/wp-json\/wp\/v2\/media\/479479"}],"wp:attachment":[{"href":"http:\/\/desarrollo.grupomedios.com\/futbol\/wp-json\/wp\/v2\/media?parent=479478"}],"wp:term":[{"taxonomy":"category","embeddable":true,"href":"http:\/\/desarrollo.grupomedios.com\/futbol\/wp-json\/wp\/v2\/categories?post=479478"},{"taxonomy":"post_tag","embeddable":true,"href":"http:\/\/desarrollo.grupomedios.com\/futbol\/wp-json\/wp\/v2\/tags?post=479478"}],"curies":[{"name":"wp","href":"https:\/\/api.w.org\/{rel}","templated":true}]}}