{"id":479482,"date":"2017-05-18T18:02:41","date_gmt":"2017-05-18T23:02:41","guid":{"rendered":"https:\/\/www.futboltotal.com.mx\/?p=479482"},"modified":"2017-05-18T18:02:41","modified_gmt":"2017-05-18T23:02:41","slug":"las-novias-las-figuras-toluca-chivas","status":"publish","type":"post","link":"http:\/\/desarrollo.grupomedios.com\/futbol\/galerias\/las-novias-las-figuras-toluca-chivas\/2017\/05","title":{"rendered":"Las novias de las figuras de Toluca y Chivas"},"content":{"rendered":"<p>Este jueves 18 de mayo, arrancan las Semifinales del Clausura 2017, con el duelo entre <strong>Toluca<\/strong> y <strong>Chivas<\/strong>, donde los <em>Diablos<\/em> buscan desquitarse de la Final del Apertura 2006, donde el<em> Reba\u00f1o<\/em> les rob\u00f3 el t\u00edtulo de Liga MX.<\/p>\n<p><strong>Chivas<\/strong> tiene 11 a\u00f1os sin ser campe\u00f3n, mientras que <strong>Toluca<\/strong> lleva casi siete, por lo que ambos quieren romper la sequ\u00eda y lucen inspirados para alcanzar la gloria, para tambi\u00e9n consagrar doble celebraci\u00f3n este semestre: Guadalajara quiere Liga y Copa, mientras que los Diablos quieren el t\u00edtulo en su Centenario.<\/p>\n<p style=\"text-align: center;\"><span style=\"color: #3366ff;\"><a style=\"color: #3366ff;\" href=\"https:\/\/www.futboltotal.com.mx\/2017\/05\/directiva-puebla-habria-vendido-al-equipo-a-celaya\/\" target=\"_blank\" rel=\"noopener noreferrer\"><strong>VER M\u00c1S: Celaya volver\u00eda a Primera Divisi\u00f3n en Apertura 2017<\/strong><\/a><\/span><\/p>\n<p>Para conseguir su respectivo objetivo, los planteles de <strong>Toluca<\/strong> y <strong>Chivas<\/strong> deben de estar sumamente concentrados en la serie, o por lo menos inspirados; por ello recordamos a las musas que motivan a las figuras de ambos clubes.<\/p>\n<p style=\"text-align: center;\"><span style=\"color: #3366ff;\"><a style=\"color: #3366ff;\" href=\"https:\/\/www.futboltotal.com.mx\/2017\/05\/america-rayados-intercambiarian-delanteros\/\" target=\"_blank\" rel=\"noopener noreferrer\"><strong>VER M\u00c1S: Michael Arroyo jugar\u00eda en Rayados<\/strong><\/a><\/span><\/p>\n<p><script type=\"text\/javascript\" src=\"\/\/cdn.playbuzz.com\/widget\/feed.js\"><\/script><\/p>\n<div class=\"pb_feed\" data-embed-by=\"d43f3879-83ed-40bc-99d7-fde80605466f\" data-item=\"f96fe44e-328f-4a31-959b-402534b19a6f\" data-recommend=\"false\" data-game-info=\"false\" data-comments=\"false\" data-version=\"2\"><\/div>\n<p style=\"text-align: center;\"><span style=\"color: #3366ff;\"><a style=\"color: #3366ff;\" href=\"https:\/\/www.futboltotal.com.mx\/2017\/05\/futbol-estufa-rumores-y-fichajes-rumbo-al-apertura-2017-la-liga-mx\/\" target=\"_blank\" rel=\"noopener noreferrer\"><strong>VER M\u00c1S: Futbol de Estufa | Rumbo al Apertura 2017<\/strong><\/a><\/span><\/p>\n<p>S\u00edguenos en Twitter: <a href=\"https:\/\/twitter.com\/MXFutbolTotal\" target=\"_blank\" rel=\"noopener noreferrer\">@MXFutbolTotal<\/a><\/p>\n","protected":false},"excerpt":{"rendered":"<p>Estas son las musas que inspiran a los cracks de Diablos y Reba\u00f1o Sagrado.<\/p>\n","protected":false},"author":20,"featured_media":479485,"comment_status":"closed","ping_status":"closed","sticky":false,"template":"","format":"standard","meta":[],"categories":[6408,5422,3],"tags":[2033,70,5975],"_links":{"self":[{"href":"http:\/\/desarrollo.grupomedios.com\/futbol\/wp-json\/wp\/v2\/posts\/479482"}],"collection":[{"href":"http:\/\/desarrollo.grupomedios.com\/futbol\/wp-json\/wp\/v2\/posts"}],"about":[{"href":"http:\/\/desarrollo.grupomedios.com\/futbol\/wp-json\/wp\/v2\/types\/post"}],"author":[{"embeddable":true,"href":"http:\/\/desarrollo.grupomedios.com\/futbol\/wp-json\/wp\/v2\/users\/20"}],"replies":[{"embeddable":true,"href":"http:\/\/desarrollo.grupomedios.com\/futbol\/wp-json\/wp\/v2\/comments?post=479482"}],"version-history":[{"count":2,"href":"http:\/\/desarrollo.grupomedios.com\/futbol\/wp-json\/wp\/v2\/posts\/479482\/revisions"}],"predecessor-version":[{"id":479610,"href":"http:\/\/desarrollo.grupomedios.com\/futbol\/wp-json\/wp\/v2\/posts\/479482\/revisions\/479610"}],"wp:featuredmedia":[{"embeddable":true,"href":"http:\/\/desarrollo.grupomedios.com\/futbol\/wp-json\/wp\/v2\/media\/479485"}],"wp:attachment":[{"href":"http:\/\/desarrollo.grupomedios.com\/futbol\/wp-json\/wp\/v2\/media?parent=479482"}],"wp:term":[{"taxonomy":"category","embeddable":true,"href":"http:\/\/desarrollo.grupomedios.com\/futbol\/wp-json\/wp\/v2\/categories?post=479482"},{"taxonomy":"post_tag","embeddable":true,"href":"http:\/\/desarrollo.grupomedios.com\/futbol\/wp-json\/wp\/v2\/tags?post=479482"}],"curies":[{"name":"wp","href":"https:\/\/api.w.org\/{rel}","templated":true}]}}