{"id":479498,"date":"2017-05-18T09:50:32","date_gmt":"2017-05-18T14:50:32","guid":{"rendered":"https:\/\/www.futboltotal.com.mx\/?p=479498"},"modified":"2017-05-18T09:51:49","modified_gmt":"2017-05-18T14:51:49","slug":"memo-ochoa-no-jugaria-chivas-ni-lo-quiere-ver-campeon","status":"publish","type":"post","link":"http:\/\/desarrollo.grupomedios.com\/futbol\/destacado-home\/memo-ochoa-no-jugaria-chivas-ni-lo-quiere-ver-campeon\/2017\/05","title":{"rendered":"Memo Ochoa no jugar\u00eda para Chivas ni lo quiere ver campe\u00f3n"},"content":{"rendered":"<p>Es bien sabido por todos los fan\u00e1ticos del futbol mexicano que el portero <strong>Guillermo Ochoa<\/strong> mantiene su cari\u00f1o por el <strong>Am\u00e9rica<\/strong>, club en el que surgi\u00f3 como profesional y\u00a0al que defendi\u00f3 cerca de\u00a07 a\u00f1os, por lo que no son preguntas sencillas para <strong>Memo<\/strong> si jugar\u00eda para el archirrival <strong>Chivas<\/strong> y si le gustar\u00eda ver campe\u00f3n al <em>Reba\u00f1o<\/em> en este torneo <strong>Clausura 2017<\/strong>.<\/p>\n<p>Ochoa, quien actualmente sufri\u00f3 el descenso con el <strong>Granada<\/strong> en la Liga espa\u00f1ola, fue entrevistado en ESPN, donde le cuestionaron si en un futuro defender\u00eda los colores rojiblancos, as\u00ed como si espera que el <strong>Guadalajara<\/strong> levante el t\u00edtulo de la Liga MX.<\/p>\n<p style=\"text-align: center;\"><a href=\"https:\/\/www.futboltotal.com.mx\/2017\/05\/directiva-puebla-habria-vendido-al-equipo-a-celaya\/\" target=\"_blank\"><span style=\"color: #333399;\">VER M\u00c1S: Directiva del Puebla habr\u00eda vendido el equipo&#8230; \u00a1\u00bfa Celaya?!<\/span><\/a><\/p>\n<p>En ambos casos, la respuesta de Memo fue concreta y directa: &#8220;No y no&#8221;. No te pierdas el video con las palabras del tambi\u00e9n portero de la <strong>Selecci\u00f3n Mexicana<\/strong>.<\/p>\n<p style=\"text-align: center;\"><a href=\"https:\/\/www.futboltotal.com.mx\/2017\/05\/america-primer-club-liga-mx-equipo-esports\/\" target=\"_blank\"><span style=\"color: #333399;\">VER M\u00c1S: \u00a1Am\u00e9rica, primer equipo de Liga MX con equipo de eSports!<\/span><\/a><\/p>\n<p>\u00a0<iframe loading=\"lazy\" src=\"https:\/\/www.youtube.com\/embed\/E8crhcvpq4w\" frameborder=\"0\" allowfullscreen=\"allowfullscreen\"><\/iframe><\/p>\n","protected":false},"excerpt":{"rendered":"<p>El ex portero del Am\u00e9rica fue cuestionado sobre si jugar\u00eda para el Reba\u00f1o.<\/p>\n","protected":false},"author":20,"featured_media":472263,"comment_status":"closed","ping_status":"closed","sticky":false,"template":"","format":"standard","meta":[],"categories":[5419,5,7740,3839,2198,3845,6718],"tags":[70,5963,5991,679],"_links":{"self":[{"href":"http:\/\/desarrollo.grupomedios.com\/futbol\/wp-json\/wp\/v2\/posts\/479498"}],"collection":[{"href":"http:\/\/desarrollo.grupomedios.com\/futbol\/wp-json\/wp\/v2\/posts"}],"about":[{"href":"http:\/\/desarrollo.grupomedios.com\/futbol\/wp-json\/wp\/v2\/types\/post"}],"author":[{"embeddable":true,"href":"http:\/\/desarrollo.grupomedios.com\/futbol\/wp-json\/wp\/v2\/users\/20"}],"replies":[{"embeddable":true,"href":"http:\/\/desarrollo.grupomedios.com\/futbol\/wp-json\/wp\/v2\/comments?post=479498"}],"version-history":[{"count":1,"href":"http:\/\/desarrollo.grupomedios.com\/futbol\/wp-json\/wp\/v2\/posts\/479498\/revisions"}],"predecessor-version":[{"id":479503,"href":"http:\/\/desarrollo.grupomedios.com\/futbol\/wp-json\/wp\/v2\/posts\/479498\/revisions\/479503"}],"wp:featuredmedia":[{"embeddable":true,"href":"http:\/\/desarrollo.grupomedios.com\/futbol\/wp-json\/wp\/v2\/media\/472263"}],"wp:attachment":[{"href":"http:\/\/desarrollo.grupomedios.com\/futbol\/wp-json\/wp\/v2\/media?parent=479498"}],"wp:term":[{"taxonomy":"category","embeddable":true,"href":"http:\/\/desarrollo.grupomedios.com\/futbol\/wp-json\/wp\/v2\/categories?post=479498"},{"taxonomy":"post_tag","embeddable":true,"href":"http:\/\/desarrollo.grupomedios.com\/futbol\/wp-json\/wp\/v2\/tags?post=479498"}],"curies":[{"name":"wp","href":"https:\/\/api.w.org\/{rel}","templated":true}]}}