{"id":479506,"date":"2017-05-18T10:08:43","date_gmt":"2017-05-18T15:08:43","guid":{"rendered":"https:\/\/www.futboltotal.com.mx\/?p=479506"},"modified":"2017-05-18T10:08:43","modified_gmt":"2017-05-18T15:08:43","slug":"mourinho-quiere-gea-se-vaya-al-real-madrid","status":"publish","type":"post","link":"http:\/\/desarrollo.grupomedios.com\/futbol\/futbol-internacional\/mourinho-quiere-gea-se-vaya-al-real-madrid\/2017\/05","title":{"rendered":"Mourinho no quiere que De Gea se vaya al Real Madrid"},"content":{"rendered":"<p><strong>Jos\u00e9 Mourinho<\/strong>, entrenador del<strong> Manchester United<\/strong>, asegur\u00f3 que su deseo de seguir contando la temporada que viene con el guardameta <strong>David de Gea<\/strong>, pese al presunto inter\u00e9s del Real Madrid por ficharlo.<\/p>\n<p>El portugu\u00e9s confirm\u00f3, adem\u00e1s, que el internacional espa\u00f1ol no volver\u00e1 a jugar este curso, puesto que su intenci\u00f3n es alinear al joven Joel Castro Pereira en el \u00faltimo partido de la Premier League ante el Crystal Palace (21 mayo) y jugar con el argentino Sergio Romero en la final de la Liga Europa frente al Ajax de Amsterdam (24 mayo).<\/p>\n<p style=\"text-align: center;\"><span style=\"color: #3366ff;\">VER M\u00c1S: Manchester United no podr\u00e1 fichar a Griezmann<\/span><\/p>\n<blockquote>\n<p style=\"text-align: left;\">&#8220;David es de los mejores porteros del mundo y en este club queremos seguir contando con los mejores jugadores del mundo, por supuesto&#8221;, asegur\u00f3 Mourinho.<\/p>\n<\/blockquote>\n<p>Pese a los rumores sobre el supuesto inter\u00e9s del Real Madrid, el t\u00e9cnico luso se mostr\u00f3 confiado en poder disponer de De Gea en la pretemporada del Manchester United en Estados Unidos.<\/p>\n<blockquote>\n<p style=\"text-align: left;\">&#8220;Esta campa\u00f1a no volver\u00e1 a jugar m\u00e1s y creo que su primer encuentro ser\u00e1 en pretemporada, ante Los \u00c1ngeles Galaxy (15 julio)&#8221;, dijo a la cadena brit\u00e1nica <em>Sky Sports.<\/em><\/p>\n<p>&#8220;Espero alienar a Joel frente al Crystal Palace y a Sergio en la final. Conf\u00edo en que surja ning\u00fan problema con ninguno de estos dos guardametas&#8221;, a\u00f1adi\u00f3.<\/p>\n<p style=\"text-align: center;\"><span style=\"color: #3366ff;\">VER M\u00c1S: Zlatan descarta retirarse tras sufrir una fuerte lesi\u00f3n<\/span><\/p>\n<\/blockquote>\n<p>D<strong>e Gea<\/strong>, titular habitual en la Premier League -fue nombrado mejor portero del a\u00f1o-, se qued\u00f3 fuera de la convocatoria para el duelo del mi\u00e9rcoles de liga ante el Southampton en el estadio de St Mary&#8217;s, donde Romero se coloc\u00f3 baj\u00f3 las palos y acab\u00f3 ejerciendo de salvador de su equipo.<\/p>\n<blockquote><p>&#8220;Tenemos a los porteros de las selecciones de Argentina y de Espa\u00f1a, dos de las mejores selecciones del mundo. Tenemos a dos tipos que son fabulosos. Y, como ya he dicho muchas veces antes, el chico portugu\u00e9s (Pereira) es un gran portero. As\u00ed que, en lo que se refiere a arqueros, estamos muy tranquilos&#8221;, puntualiz\u00f3 el t\u00e9cnico luso.<\/p><\/blockquote>\n","protected":false},"excerpt":{"rendered":"<p>El estratega espera que el arquero espa\u00f1ol cumpla su contrato con los Red Devils.<\/p>\n","protected":false},"author":20,"featured_media":479508,"comment_status":"closed","ping_status":"closed","sticky":false,"template":"","format":"standard","meta":[],"categories":[3839,3846],"tags":[6072,43],"_links":{"self":[{"href":"http:\/\/desarrollo.grupomedios.com\/futbol\/wp-json\/wp\/v2\/posts\/479506"}],"collection":[{"href":"http:\/\/desarrollo.grupomedios.com\/futbol\/wp-json\/wp\/v2\/posts"}],"about":[{"href":"http:\/\/desarrollo.grupomedios.com\/futbol\/wp-json\/wp\/v2\/types\/post"}],"author":[{"embeddable":true,"href":"http:\/\/desarrollo.grupomedios.com\/futbol\/wp-json\/wp\/v2\/users\/20"}],"replies":[{"embeddable":true,"href":"http:\/\/desarrollo.grupomedios.com\/futbol\/wp-json\/wp\/v2\/comments?post=479506"}],"version-history":[{"count":1,"href":"http:\/\/desarrollo.grupomedios.com\/futbol\/wp-json\/wp\/v2\/posts\/479506\/revisions"}],"predecessor-version":[{"id":479509,"href":"http:\/\/desarrollo.grupomedios.com\/futbol\/wp-json\/wp\/v2\/posts\/479506\/revisions\/479509"}],"wp:featuredmedia":[{"embeddable":true,"href":"http:\/\/desarrollo.grupomedios.com\/futbol\/wp-json\/wp\/v2\/media\/479508"}],"wp:attachment":[{"href":"http:\/\/desarrollo.grupomedios.com\/futbol\/wp-json\/wp\/v2\/media?parent=479506"}],"wp:term":[{"taxonomy":"category","embeddable":true,"href":"http:\/\/desarrollo.grupomedios.com\/futbol\/wp-json\/wp\/v2\/categories?post=479506"},{"taxonomy":"post_tag","embeddable":true,"href":"http:\/\/desarrollo.grupomedios.com\/futbol\/wp-json\/wp\/v2\/tags?post=479506"}],"curies":[{"name":"wp","href":"https:\/\/api.w.org\/{rel}","templated":true}]}}