{"id":479507,"date":"2017-05-18T10:27:31","date_gmt":"2017-05-18T15:27:31","guid":{"rendered":"https:\/\/www.futboltotal.com.mx\/?p=479507"},"modified":"2017-05-18T10:27:31","modified_gmt":"2017-05-18T15:27:31","slug":"valencia-reto-al-america-a-amistoso-las-aguilas-aceptaron","status":"publish","type":"post","link":"http:\/\/desarrollo.grupomedios.com\/futbol\/futbol-mexicano\/valencia-reto-al-america-a-amistoso-las-aguilas-aceptaron\/2017\/05","title":{"rendered":"Valencia ret\u00f3 al Am\u00e9rica a un amistoso, las \u00c1guilas aceptaron"},"content":{"rendered":"<p>El <strong>Am\u00e9rica<\/strong> se qued\u00f3 fuera de la Liguilla del torneo <strong>Clausura 2017<\/strong>, pero desde el Viejo Continente le lleg\u00f3 un reto que no pod\u00eda rechazar. El <strong>Valencia<\/strong> de <strong>Espa\u00f1a<\/strong> fue el equipo que ofreci\u00f3 a las <em><strong>\u00c1guilas<\/strong> <\/em>que disputen <strong>un partido amistoso<\/strong>, aunque no de la forma tradicional.<\/p>\n<p>S\u00f3lo un d\u00eda despu\u00e9s de que los azulcremas anunciaran que en unos meses ser\u00e1n <a href=\"https:\/\/www.futboltotal.com.mx\/2017\/05\/america-primer-club-liga-mx-equipo-esports\/\" target=\"_blank\"><span style=\"color: #333399;\">el primer club de la Liga MX que cuente con equipo de <strong>eSports<\/strong><\/span><\/a> y que competir\u00e1 en\u00a0la <strong>VFO<\/strong> (<strong>Virtual Football Organization<\/strong>), los <em>Naranjeros<\/em> fueron los primeros en levantar la mano para enfrentar al <strong>Club Am\u00e9rica eSports<\/strong>.<\/p>\n<p style=\"text-align: center;\"><a href=\"https:\/\/www.futboltotal.com.mx\/2017\/05\/memo-ochoa-no-jugaria-chivas-ni-lo-quiere-ver-campeon\/\" target=\"_blank\"><span style=\"color: #333399;\">VER M\u00c1S: Memo Ochoa no jugar\u00eda para Chivas ni lo quiere ver campe\u00f3n<\/span><\/a><\/p>\n<p>&nbsp;<\/p>\n<blockquote class=\"twitter-tweet\" data-lang=\"es\">\n<p dir=\"ltr\" lang=\"es\">\u00bfQuieres ser parte de nuestro equipo <a href=\"https:\/\/twitter.com\/hashtag\/eSports?src=hash\">#eSports<\/a>? &#x1f579;\ufe0f&#x1f3ae;\u26bd\ufe0f<\/p>\n<p>Manda tu solicitud de visoria a:<\/p>\n<p>eSports@ClubAmerica.com.mx <a href=\"https:\/\/t.co\/vzsfjuVoCf\">pic.twitter.com\/vzsfjuVoCf<\/a><\/p>\n<p>\u2014 Club Am\u00e9rica (@ClubAmerica) <a href=\"https:\/\/twitter.com\/ClubAmerica\/status\/864993941531148288\">18 de mayo de 2017<\/a><\/p><\/blockquote>\n<p><script async src=\"\/\/platform.twitter.com\/widgets.js\" charset=\"utf-8\"><\/script><\/p>\n<p><strong>Valencia<\/strong> decidi\u00f3 usar su cuenta de Twitter para lanzar este curioso reto, luego de que las <em>\u00c1guilas<\/em> usaran su cuenta de la misma red social para abrir el periodo de visor\u00edas en busca de jugadores para su nuevo equipo.<\/p>\n<p>&nbsp;<\/p>\n<blockquote class=\"twitter-tweet\" data-lang=\"es\">\n<p dir=\"ltr\" lang=\"es\">Cuando quieran el amistoso, aqu\u00ed estamos, amigos. Suena bonito un Am\u00e9rica vs Valencia, \u00bfverdad? <a href=\"https:\/\/t.co\/6Vza8PdTh5\">https:\/\/t.co\/6Vza8PdTh5<\/a><\/p>\n<p>\u2014 Valencia CF eSports (@VCFeSports) <a href=\"https:\/\/twitter.com\/VCFeSports\/status\/864956482214916097\">17 de mayo de 2017<\/a><\/p><\/blockquote>\n<p><script async src=\"\/\/platform.twitter.com\/widgets.js\" charset=\"utf-8\"><\/script><\/p>\n<p>El <strong>Am\u00e9rica<\/strong> no tard\u00f3 en responder al reto del equipo espa\u00f1ol y, aunque a\u00fan no hay una fecha exacta, podemos esperar que en unos meses se d\u00e9 este duelo virtual entre M\u00e9xico y Espa\u00f1a.<\/p>\n<p style=\"text-align: center;\"><a href=\"https:\/\/www.futboltotal.com.mx\/2017\/05\/directiva-puebla-habria-vendido-al-equipo-a-celaya\/\" target=\"_blank\"><span style=\"color: #333399;\">VER M\u00c1S: Directiva del Puebla habr\u00eda vendido el equipo&#8230; \u00a1\u00bfal Celaya?!<\/span><\/a><\/p>\n<p>&nbsp;<\/p>\n<blockquote class=\"twitter-tweet\" data-lang=\"es\">\n<p dir=\"ltr\" lang=\"es\">\u00a1Suena excelente!<br \/>\n\u00a1En cuanto est\u00e9 armada la plantilla lo agendamos! &#x1f60e;&#x1f579;\ufe0f&#x1f3ae; <a href=\"https:\/\/twitter.com\/hashtag\/VFOMexico?src=hash\">#VFOMexico<\/a> <a href=\"https:\/\/t.co\/cLBSOjzqPl\">https:\/\/t.co\/cLBSOjzqPl<\/a><\/p>\n<p>\u2014 Club Am\u00e9rica (@ClubAmerica) <a href=\"https:\/\/twitter.com\/ClubAmerica\/status\/864966661224505345\">17 de mayo de 2017<\/a><\/p><\/blockquote>\n<p><script async src=\"\/\/platform.twitter.com\/widgets.js\" charset=\"utf-8\"><\/script><\/p>\n","protected":false},"excerpt":{"rendered":"<p>\u00c1guilas y Naranjeros se ver\u00e1n las caras, aunque no de la forma tradicional.<\/p>\n","protected":false},"author":20,"featured_media":479512,"comment_status":"closed","ping_status":"closed","sticky":false,"template":"","format":"standard","meta":[],"categories":[5419,3839,2198,3845],"tags":[5959,8612,87],"_links":{"self":[{"href":"http:\/\/desarrollo.grupomedios.com\/futbol\/wp-json\/wp\/v2\/posts\/479507"}],"collection":[{"href":"http:\/\/desarrollo.grupomedios.com\/futbol\/wp-json\/wp\/v2\/posts"}],"about":[{"href":"http:\/\/desarrollo.grupomedios.com\/futbol\/wp-json\/wp\/v2\/types\/post"}],"author":[{"embeddable":true,"href":"http:\/\/desarrollo.grupomedios.com\/futbol\/wp-json\/wp\/v2\/users\/20"}],"replies":[{"embeddable":true,"href":"http:\/\/desarrollo.grupomedios.com\/futbol\/wp-json\/wp\/v2\/comments?post=479507"}],"version-history":[{"count":2,"href":"http:\/\/desarrollo.grupomedios.com\/futbol\/wp-json\/wp\/v2\/posts\/479507\/revisions"}],"predecessor-version":[{"id":479517,"href":"http:\/\/desarrollo.grupomedios.com\/futbol\/wp-json\/wp\/v2\/posts\/479507\/revisions\/479517"}],"wp:featuredmedia":[{"embeddable":true,"href":"http:\/\/desarrollo.grupomedios.com\/futbol\/wp-json\/wp\/v2\/media\/479512"}],"wp:attachment":[{"href":"http:\/\/desarrollo.grupomedios.com\/futbol\/wp-json\/wp\/v2\/media?parent=479507"}],"wp:term":[{"taxonomy":"category","embeddable":true,"href":"http:\/\/desarrollo.grupomedios.com\/futbol\/wp-json\/wp\/v2\/categories?post=479507"},{"taxonomy":"post_tag","embeddable":true,"href":"http:\/\/desarrollo.grupomedios.com\/futbol\/wp-json\/wp\/v2\/tags?post=479507"}],"curies":[{"name":"wp","href":"https:\/\/api.w.org\/{rel}","templated":true}]}}