{"id":479518,"date":"2017-05-18T12:06:29","date_gmt":"2017-05-18T17:06:29","guid":{"rendered":"https:\/\/www.futboltotal.com.mx\/?p=479518"},"modified":"2017-05-18T12:14:20","modified_gmt":"2017-05-18T17:14:20","slug":"jonathan-urretaviscaya-a-un-paso-fichar-monterrey","status":"publish","type":"post","link":"http:\/\/desarrollo.grupomedios.com\/futbol\/destacado-home\/jonathan-urretaviscaya-a-un-paso-fichar-monterrey\/2017\/05","title":{"rendered":"Jonathan Urretaviscaya est\u00e1 a un paso de fichar por Monterrey"},"content":{"rendered":"<p>El <strong>Monterrey<\/strong> est\u00e1 trabajando en\u00a0fichar a los jugadores necesarios para tener un mejor torneo en el <strong>Apertura 2017<\/strong>, luego de haber sufrido su eliminaci\u00f3n en cuartos de final del <strong>Clausura 2017<\/strong> con humillante goleada a manos de <strong>Tigres<\/strong>. Por ello, el primer elegido para sumarse a <em><strong>Rayados<\/strong><\/em> ser\u00eda el uruguayo <strong>Jonathan Urretaviscaya<\/strong>.<\/p>\n<p><em><strong>Urreta<\/strong><\/em>, futbolista del <strong>Pachuca<\/strong>, act\u00faa\u00a0en la Liga MX desde su llegada en 2015 y se ha convertido en pieza clave del juego de los <em><strong>Tuzos<\/strong><\/em>, con quienes ha disputado 12 goles en 64 duelos, credenciales para que el cuadro de la Sultana del Norte lo quiera fichar.<\/p>\n<p style=\"text-align: center;\"><a href=\"https:\/\/www.futboltotal.com.mx\/2017\/05\/valencia-reto-al-america-a-amistoso-las-aguilas-aceptaron\/\" target=\"_blank\"><span style=\"color: #333399;\">VER M\u00c1S: Valencia ret\u00f3 a un amistoso al Am\u00e9rica, las \u00c1guilas aceptaron<\/span><\/a><\/p>\n<p>A sus 27 a\u00f1os, el uruguayo surgido del River Plate de su pa\u00eds, ya cuenta con experiencia en el balompi\u00e9 europeo con <strong>Benfica<\/strong>, <strong>Vitoria Guimaraeas<\/strong> y <strong>Pa\u00e7os de Ferreira<\/strong> de Portugal, as\u00ed como el <strong>Deportivo La Coru\u00f1a de Espa\u00f1a<\/strong> y tres etapas en el <strong>Pe\u00f1arol<\/strong>.<\/p>\n<p>En caso de que <strong>Urretaviscaya<\/strong> cambie al Pachuca por Monterrey, tal y como reporta el sitio Medio Tiempo, se reunir\u00eda con su compa\u00f1ero en la selecci\u00f3n de <strong>Uruguay<\/strong>, el volante <strong>Carlos S\u00e1nchez<\/strong>, con quien comparti\u00f3 la \u00faltima convocatoria\u00a0hecha por el t\u00e9cnico <strong>\u00d3scar Tab\u00e1rez<\/strong>, quien en su momento tambi\u00e9n llam\u00f3 al a\u00fan jugador de los <em>Tuzos<\/em> para disputar el <strong>Mundial Sub 20 2009<\/strong>\u00a0y los <strong>Juegos Ol\u00edmpicos Londres 2012<\/strong>.<\/p>\n<p style=\"text-align: center;\"><a href=\"https:\/\/www.futboltotal.com.mx\/2017\/05\/jugadores-chivas-perdonaron-a-sambueza\/\" target=\"_blank\"><span style=\"color: #333399;\">VER M\u00c1S: Jugadores de Chivas no perdonaron a Sambueza<\/span><\/a><\/p>\n<p><iframe loading=\"lazy\" src=\"https:\/\/www.youtube.com\/embed\/0sZPjn51O8Q\" frameborder=\"0\" allowfullscreen=\"allowfullscreen\"><\/iframe><\/p>\n","protected":false},"excerpt":{"rendered":"<p>Urreta, futbolista del Pachuca, dejar\u00eda a los Tuzos para reforzar a Rayados.<\/p>\n","protected":false},"author":20,"featured_media":465577,"comment_status":"closed","ping_status":"closed","sticky":false,"template":"","format":"standard","meta":[],"categories":[5,7740,2198,3845],"tags":[4847,8350,5966,5968,8349],"_links":{"self":[{"href":"http:\/\/desarrollo.grupomedios.com\/futbol\/wp-json\/wp\/v2\/posts\/479518"}],"collection":[{"href":"http:\/\/desarrollo.grupomedios.com\/futbol\/wp-json\/wp\/v2\/posts"}],"about":[{"href":"http:\/\/desarrollo.grupomedios.com\/futbol\/wp-json\/wp\/v2\/types\/post"}],"author":[{"embeddable":true,"href":"http:\/\/desarrollo.grupomedios.com\/futbol\/wp-json\/wp\/v2\/users\/20"}],"replies":[{"embeddable":true,"href":"http:\/\/desarrollo.grupomedios.com\/futbol\/wp-json\/wp\/v2\/comments?post=479518"}],"version-history":[{"count":3,"href":"http:\/\/desarrollo.grupomedios.com\/futbol\/wp-json\/wp\/v2\/posts\/479518\/revisions"}],"predecessor-version":[{"id":479540,"href":"http:\/\/desarrollo.grupomedios.com\/futbol\/wp-json\/wp\/v2\/posts\/479518\/revisions\/479540"}],"wp:featuredmedia":[{"embeddable":true,"href":"http:\/\/desarrollo.grupomedios.com\/futbol\/wp-json\/wp\/v2\/media\/465577"}],"wp:attachment":[{"href":"http:\/\/desarrollo.grupomedios.com\/futbol\/wp-json\/wp\/v2\/media?parent=479518"}],"wp:term":[{"taxonomy":"category","embeddable":true,"href":"http:\/\/desarrollo.grupomedios.com\/futbol\/wp-json\/wp\/v2\/categories?post=479518"},{"taxonomy":"post_tag","embeddable":true,"href":"http:\/\/desarrollo.grupomedios.com\/futbol\/wp-json\/wp\/v2\/tags?post=479518"}],"curies":[{"name":"wp","href":"https:\/\/api.w.org\/{rel}","templated":true}]}}