{"id":479529,"date":"2017-05-18T11:37:42","date_gmt":"2017-05-18T16:37:42","guid":{"rendered":"https:\/\/www.futboltotal.com.mx\/?p=479529"},"modified":"2017-05-18T11:37:42","modified_gmt":"2017-05-18T16:37:42","slug":"carlos-vela-mostro-sus-cualidades-basquet","status":"publish","type":"post","link":"http:\/\/desarrollo.grupomedios.com\/futbol\/futbol-internacional\/carlos-vela-mostro-sus-cualidades-basquet\/2017\/05","title":{"rendered":"Carlos Vela mostr\u00f3 sus cualidades para el basquet"},"content":{"rendered":"<p>En m\u00faltiples ocasiones, <strong>Carlos Vela<\/strong> ha dejado ver su gran pasi\u00f3n por el basquetbol y en especial por la NBA; incluso el delantero de la Real Sociedad ha confesado que lo disfruta m\u00e1s que el futbol.<\/p>\n<p>Durante la pr\u00e1ctica de los Txuri-urdines, <strong>Vela<\/strong> y algunos de sus compa\u00f1eros aprovecharon para pisar la cancha de entrenamiento del equipo de baloncesto y el mexicano dio c\u00e1tedra con sus habilidades, pues hizo un gran tap\u00f3n y despu\u00e9s venci\u00f3 a Sergio Canales.<\/p>\n<p><strong>Vela<\/strong> apareci\u00f3 con el jersey de los Knicks de Nueva York con el n\u00famero 14, el cual usa el basquetbolista espa\u00f1ol Willy Hernang\u00f3mez.<\/p>\n<p style=\"text-align: center;\"><span style=\"color: #3366ff;\"><a style=\"color: #3366ff;\" href=\"https:\/\/www.futboltotal.com.mx\/2017\/05\/directiva-puebla-habria-vendido-al-equipo-a-celaya\/\">VER M\u00c1S: Directiva de Puebla habr\u00eda vendido al equipo\u2026 \u00a1\u00bfA Celaya?!<\/a><\/span><\/p>\n<blockquote class=\"twitter-tweet\" data-width=\"500\">\n<p lang=\"es\" dir=\"ltr\">Carlos Vela mostrando sus habilidades para jugar Basquetbol. <a href=\"https:\/\/t.co\/cDPEGFO68m\">pic.twitter.com\/cDPEGFO68m<\/a><\/p>\n<p>&mdash; Mundofutbol (@mundo_futgol) <a href=\"https:\/\/twitter.com\/mundo_futgol\/status\/865237779038556160\">May 18, 2017<\/a><\/p><\/blockquote>\n<p><script async src=\"\/\/platform.twitter.com\/widgets.js\" charset=\"utf-8\"><\/script><\/p>\n<p style=\"text-align: center;\"><span style=\"color: #3366ff;\"><a style=\"color: #3366ff;\" href=\"https:\/\/www.futboltotal.com.mx\/2017\/05\/jugadores-chivas-perdonaron-a-sambueza\/\">VER M\u00c1S: Jugadores de Chivas no perdonaron a Sambueza<\/a><\/span><\/p>\n","protected":false},"excerpt":{"rendered":"<p>El mexicano dio c\u00e1tedra con un tap\u00f3n.<\/p>\n","protected":false},"author":20,"featured_media":479533,"comment_status":"closed","ping_status":"closed","sticky":false,"template":"","format":"standard","meta":[],"categories":[5419,3839],"tags":[5460,6048,6214],"_links":{"self":[{"href":"http:\/\/desarrollo.grupomedios.com\/futbol\/wp-json\/wp\/v2\/posts\/479529"}],"collection":[{"href":"http:\/\/desarrollo.grupomedios.com\/futbol\/wp-json\/wp\/v2\/posts"}],"about":[{"href":"http:\/\/desarrollo.grupomedios.com\/futbol\/wp-json\/wp\/v2\/types\/post"}],"author":[{"embeddable":true,"href":"http:\/\/desarrollo.grupomedios.com\/futbol\/wp-json\/wp\/v2\/users\/20"}],"replies":[{"embeddable":true,"href":"http:\/\/desarrollo.grupomedios.com\/futbol\/wp-json\/wp\/v2\/comments?post=479529"}],"version-history":[{"count":1,"href":"http:\/\/desarrollo.grupomedios.com\/futbol\/wp-json\/wp\/v2\/posts\/479529\/revisions"}],"predecessor-version":[{"id":479534,"href":"http:\/\/desarrollo.grupomedios.com\/futbol\/wp-json\/wp\/v2\/posts\/479529\/revisions\/479534"}],"wp:featuredmedia":[{"embeddable":true,"href":"http:\/\/desarrollo.grupomedios.com\/futbol\/wp-json\/wp\/v2\/media\/479533"}],"wp:attachment":[{"href":"http:\/\/desarrollo.grupomedios.com\/futbol\/wp-json\/wp\/v2\/media?parent=479529"}],"wp:term":[{"taxonomy":"category","embeddable":true,"href":"http:\/\/desarrollo.grupomedios.com\/futbol\/wp-json\/wp\/v2\/categories?post=479529"},{"taxonomy":"post_tag","embeddable":true,"href":"http:\/\/desarrollo.grupomedios.com\/futbol\/wp-json\/wp\/v2\/tags?post=479529"}],"curies":[{"name":"wp","href":"https:\/\/api.w.org\/{rel}","templated":true}]}}