{"id":479588,"date":"2017-05-18T16:27:20","date_gmt":"2017-05-18T21:27:20","guid":{"rendered":"https:\/\/www.futboltotal.com.mx\/?p=479588"},"modified":"2017-05-18T16:27:20","modified_gmt":"2017-05-18T21:27:20","slug":"dueno-celaya-desmiente-adquisicion-puebla","status":"publish","type":"post","link":"http:\/\/desarrollo.grupomedios.com\/futbol\/futbol-mexicano\/dueno-celaya-desmiente-adquisicion-puebla\/2017\/05","title":{"rendered":"\u00a1Due\u00f1o de Celaya desmiente adquisici\u00f3n de Puebla!"},"content":{"rendered":"<p>En una entrevista, el due\u00f1o de <strong>Celaya<\/strong>, Marcos Achar, desminti\u00f3 los rumores sobre la supuesta adquisici\u00f3n del Puebla, para trasladarlo a la ciudad de Guanajuato y as\u00ed tener equipo de Primera Divisi\u00f3n; incluso descart\u00f3, haber comprado alg\u00fan otro club, pues se le atribuyeron varias negociaciones.<\/p>\n<p>\u201cPara nada (no hay inter\u00e9s). Curiosamente hoy sale que compr\u00e9 tres equipos: Morelia, Zacatepec y Puebla&#8221;, indic\u00f3 el propietario del <strong>Celaya<\/strong>, en charla con el <em>diario As<\/em>.<\/p>\n<p style=\"text-align: center;\"><span style=\"color: #3366ff;\"><a style=\"color: #3366ff;\" href=\"https:\/\/www.futboltotal.com.mx\/2017\/05\/zacatepec-desaparecera-del-futbol-mexicano\/\" target=\"_blank\"><strong>VER M\u00c1S: Zacatepec desaparecer\u00e1 del futbol mexicano<\/strong><\/a><\/span><\/p>\n<p>Marcos Achar a\u00f1ade, que no tiene inter\u00e9s en comprar un equipo de Liga MX, aunque s\u00ed quiere ascender, pero lo quiere lograr mediante esfuerzo deportivo y no mediante negociaciones de franquicias.<\/p>\n<p>\u201cNo tenemos inter\u00e9s en comprar otro equipo para ascender, queremos llegar a la Liga MX deportivamente\u201d, sentenci\u00f3 el due\u00f1o del <strong>Celaya<\/strong>. Estas declaraciones, suponen que Hugo S\u00e1nchez o alg\u00fan otro postor, estar\u00edan cerca de adquirir al Puebla, pues la venta del club por parte de la familia Chargoy, es casi un hecho.<\/p>\n<p style=\"text-align: center;\"><span style=\"color: #3366ff;\"><a style=\"color: #3366ff;\" href=\"https:\/\/www.futboltotal.com.mx\/2017\/05\/directiva-puebla-habria-vendido-al-equipo-a-celaya\/\" target=\"_blank\"><strong>VER M\u00c1S: Puebla se mudar\u00eda a Celaya<\/strong><\/a><\/span><\/p>\n<p><strong>S\u00edguenos en Twitter:<\/strong> <a href=\"https:\/\/twitter.com\/MXFutbolTotal\" target=\"_blank\">@MXFutbolTotal<\/a><\/p>\n","protected":false},"excerpt":{"rendered":"<p>Marcos Achar descarta haber comprado a la Franja o a cualquier otro equipo.<\/p>\n","protected":false},"author":20,"featured_media":479589,"comment_status":"closed","ping_status":"closed","sticky":false,"template":"","format":"standard","meta":[],"categories":[3843,2198,3845],"tags":[2502,5969],"_links":{"self":[{"href":"http:\/\/desarrollo.grupomedios.com\/futbol\/wp-json\/wp\/v2\/posts\/479588"}],"collection":[{"href":"http:\/\/desarrollo.grupomedios.com\/futbol\/wp-json\/wp\/v2\/posts"}],"about":[{"href":"http:\/\/desarrollo.grupomedios.com\/futbol\/wp-json\/wp\/v2\/types\/post"}],"author":[{"embeddable":true,"href":"http:\/\/desarrollo.grupomedios.com\/futbol\/wp-json\/wp\/v2\/users\/20"}],"replies":[{"embeddable":true,"href":"http:\/\/desarrollo.grupomedios.com\/futbol\/wp-json\/wp\/v2\/comments?post=479588"}],"version-history":[{"count":1,"href":"http:\/\/desarrollo.grupomedios.com\/futbol\/wp-json\/wp\/v2\/posts\/479588\/revisions"}],"predecessor-version":[{"id":479591,"href":"http:\/\/desarrollo.grupomedios.com\/futbol\/wp-json\/wp\/v2\/posts\/479588\/revisions\/479591"}],"wp:featuredmedia":[{"embeddable":true,"href":"http:\/\/desarrollo.grupomedios.com\/futbol\/wp-json\/wp\/v2\/media\/479589"}],"wp:attachment":[{"href":"http:\/\/desarrollo.grupomedios.com\/futbol\/wp-json\/wp\/v2\/media?parent=479588"}],"wp:term":[{"taxonomy":"category","embeddable":true,"href":"http:\/\/desarrollo.grupomedios.com\/futbol\/wp-json\/wp\/v2\/categories?post=479588"},{"taxonomy":"post_tag","embeddable":true,"href":"http:\/\/desarrollo.grupomedios.com\/futbol\/wp-json\/wp\/v2\/tags?post=479588"}],"curies":[{"name":"wp","href":"https:\/\/api.w.org\/{rel}","templated":true}]}}