{"id":479590,"date":"2017-05-18T16:35:02","date_gmt":"2017-05-18T21:35:02","guid":{"rendered":"https:\/\/www.futboltotal.com.mx\/?p=479590"},"modified":"2017-05-18T17:31:11","modified_gmt":"2017-05-18T22:31:11","slug":"michel-ex-madridista-y-tecnico-del-malaga-descarta-dejarse-ganar","status":"publish","type":"post","link":"http:\/\/desarrollo.grupomedios.com\/futbol\/futbol-internacional\/michel-ex-madridista-y-tecnico-del-malaga-descarta-dejarse-ganar\/2017\/05","title":{"rendered":"Michel, ex madridista y t\u00e9cnico del M\u00e1laga descarta &#8216;dejarse ganar&#8217;"},"content":{"rendered":"<p>El entrenador del <strong>M\u00e1laga<\/strong>, Jos\u00e9 Miguel Gonz\u00e1lez &#8216;M\u00edchel&#8217;, ha defendido hoy, impl\u00edcita, expl\u00edcita y lac\u00f3nicamente, la profesionalidad de los suyos ante el partido que les enfrentar\u00e1 en la jornada final de la Liga al <strong>Real Madrid<\/strong> y afirmado que sus jugadores y \u00e9l mismo est\u00e1n centrados en lo suyo.<\/p>\n<p>&#8216;A lo nuestro&#8217;, ha escrito hoy M\u00edchel en su cuenta de twitter ante los intensos e intencionados mensajes cruzados antes del partido en el que el pr\u00f3ximo domingo se decidir\u00e1 la Liga en La Rosaleda y en el que los de Zinedine Zidane necesitan un solo punto para alzarse con el t\u00edtulo liguero.<\/p>\n<p style=\"text-align: center;\"><span style=\"color: #3366ff;\"><a style=\"color: #3366ff;\" href=\"https:\/\/www.futboltotal.com.mx\/2017\/05\/america-buscaria-los-servicios-carlos-sanchez\/\">VER M\u00c1S: Am\u00e9rica buscar\u00eda los servicios de Carlos S\u00e1nchez<\/a><\/span><\/p>\n<blockquote class=\"twitter-tweet\" data-width=\"500\">\n<p lang=\"es\" dir=\"ltr\">A lo nuestro <a href=\"https:\/\/t.co\/FpAttaoew9\">pic.twitter.com\/FpAttaoew9<\/a><\/p>\n<p>&mdash; M\u00edchel (@MichelGonzalez) <a href=\"https:\/\/twitter.com\/MichelGonzalez\/status\/865118577573208065\">May 18, 2017<\/a><\/p><\/blockquote>\n<p><script async src=\"\/\/platform.twitter.com\/widgets.js\" charset=\"utf-8\"><\/script><\/p>\n<p>El <strong>M\u00e1laga<\/strong> volvi\u00f3 ayer al trabajo tras dos d\u00edas de descanso despu\u00e9s de empatar el pasado domingo en San Sebasti\u00e1n y afronta el compromiso del pr\u00f3ximo domingo con todas las miradas del mundo del f\u00fatbol pendientes de su rendimiento tras la victoria lograda anoche por el Real Madrid en Vigo ante el Celta (1-4).<\/p>\n<p>Este resultado obliga a los madridistas, que ahora est\u00e1n con tres puntos de ventaja respecto al Barcelona, a lograr al menos un punto en La Rosaleda para ser campeones de Liga para no depender de lo que hagan los barcelonistas en el Nou Camp ante el \u00c9ibar.<\/p>\n<p><strong>M\u00edche<\/strong>l ha salido hoy a defender la profesionalidad de los suyos y la suya ante quienes aluden a su pasado madridista, a los que les ha dirigido su escueto mensaje: &#8216;A lo nuestro&#8217;. EFE<\/p>\n<p style=\"text-align: center;\"><span style=\"color: #3366ff;\"><a style=\"color: #3366ff;\" href=\"https:\/\/www.futboltotal.com.mx\/2017\/05\/periodistas-critican-a-joserra-aseguran-falto-al-respeto-a-miroslava\/\">VER M\u00c1S: Periodistas critican a Joserra y aseguran que falt\u00f3 al respeto a Miroslava<\/a><\/span><\/p>\n","protected":false},"excerpt":{"rendered":"<p>El t\u00e9cnico dijo que &#8220;har\u00e1n lo suyo&#8221; ante el Real Madrid.<\/p>\n","protected":false},"author":144,"featured_media":479592,"comment_status":"closed","ping_status":"closed","sticky":false,"template":"","format":"standard","meta":[],"categories":[3839,3844],"tags":[1913,306,5988],"_links":{"self":[{"href":"http:\/\/desarrollo.grupomedios.com\/futbol\/wp-json\/wp\/v2\/posts\/479590"}],"collection":[{"href":"http:\/\/desarrollo.grupomedios.com\/futbol\/wp-json\/wp\/v2\/posts"}],"about":[{"href":"http:\/\/desarrollo.grupomedios.com\/futbol\/wp-json\/wp\/v2\/types\/post"}],"author":[{"embeddable":true,"href":"http:\/\/desarrollo.grupomedios.com\/futbol\/wp-json\/wp\/v2\/users\/144"}],"replies":[{"embeddable":true,"href":"http:\/\/desarrollo.grupomedios.com\/futbol\/wp-json\/wp\/v2\/comments?post=479590"}],"version-history":[{"count":1,"href":"http:\/\/desarrollo.grupomedios.com\/futbol\/wp-json\/wp\/v2\/posts\/479590\/revisions"}],"predecessor-version":[{"id":479593,"href":"http:\/\/desarrollo.grupomedios.com\/futbol\/wp-json\/wp\/v2\/posts\/479590\/revisions\/479593"}],"wp:featuredmedia":[{"embeddable":true,"href":"http:\/\/desarrollo.grupomedios.com\/futbol\/wp-json\/wp\/v2\/media\/479592"}],"wp:attachment":[{"href":"http:\/\/desarrollo.grupomedios.com\/futbol\/wp-json\/wp\/v2\/media?parent=479590"}],"wp:term":[{"taxonomy":"category","embeddable":true,"href":"http:\/\/desarrollo.grupomedios.com\/futbol\/wp-json\/wp\/v2\/categories?post=479590"},{"taxonomy":"post_tag","embeddable":true,"href":"http:\/\/desarrollo.grupomedios.com\/futbol\/wp-json\/wp\/v2\/tags?post=479590"}],"curies":[{"name":"wp","href":"https:\/\/api.w.org\/{rel}","templated":true}]}}