{"id":479676,"date":"2017-05-19T09:48:28","date_gmt":"2017-05-19T14:48:28","guid":{"rendered":"https:\/\/www.futboltotal.com.mx\/?p=479676"},"modified":"2017-05-19T09:48:28","modified_gmt":"2017-05-19T14:48:28","slug":"miguel-piojo-herrera-explota-asegura-soy-un-pendejo","status":"publish","type":"post","link":"http:\/\/desarrollo.grupomedios.com\/futbol\/destacado-home\/miguel-piojo-herrera-explota-asegura-soy-un-pendejo\/2017\/05","title":{"rendered":"Piojo Herrera explota y asegura: &#8220;Soy un pend&#8230;&#8221;"},"content":{"rendered":"<p>La conferencia de prensa al t\u00e9rmino del partido de ida de la semifinal entre <strong>Tigres<\/strong> y <strong>Tijuana<\/strong>, con <span style=\"color: #333399;\"><a style=\"color: #333399;\" href=\"https:\/\/www.futboltotal.com.mx\/2017\/05\/resultado-liga-mx-tigres-2-0-xolos\/\" target=\"_blank\" rel=\"noopener noreferrer\">triunfo de 2-0 para el equipo de la <strong>UANL<\/strong> sobre <strong><em>Xolos<\/em><\/strong><\/a><\/span>, mostr\u00f3 la\u00a0clara molestia del entrenador <strong>Miguel <em>Piojo<\/em> Herrera<\/strong>, quien perdi\u00f3 la calma ante las preguntas de los medios sobre su saludo con <strong>Ricardo <em>Tuca<\/em> Ferretti<\/strong>, estratega de los felinos.<\/p>\n<p>&#8220;Preg\u00fantame del sistema de juego, la verdad que yo soy un pendejo, perd\u00f3n por decir la palabra, pero soy un pendejo por contestar las preguntas tan tontas que me hacen. Todo lo provocan porque no preguntan del sistema de juego, de c\u00f3mo se jug\u00f3, de si hay buenos o malos jugadores, de si el equipo jug\u00f3 muy bien.<\/p>\n<p style=\"text-align: center;\"><a href=\"https:\/\/www.futboltotal.com.mx\/2017\/05\/tuca-vs-piojo-una-rivalidad-amor-odio\/\" target=\"_blank\" rel=\"noopener noreferrer\"><span style=\"color: #333399;\">VER M\u00c1S: Tuca vs. Piojo, una rivalidad de amor y odio<\/span><\/a><\/p>\n<p>&#8220;Por eso dije, yo soy un pendejo, no t\u00fa, yo, no te estoy insultando a ti&#8230; yo (lo soy) por contestar preguntas tan tontas. Para m\u00ed s\u00ed es una pregunta tonta, porque viste que nos abrazamos, nos cagamos de risa&#8230; <strong>Tuca <\/strong>y yo tenemos una gran relaci\u00f3n&#8221;, dijo Herrera ante la clara frustraci\u00f3n por la derrota.<\/p>\n<p style=\"text-align: center;\"><a href=\"https:\/\/www.futboltotal.com.mx\/2017\/05\/jugadores-tigres-se-burlan-saludo-piojo-tuca\/\" target=\"_blank\" rel=\"noopener noreferrer\"><span style=\"color: #333399;\">VER M\u00c1S: Jugadores de Tigres se burlan de saludo entre el Piojo y Tuca<\/span><\/a><\/p>\n<p>&nbsp;<\/p>\n<blockquote class=\"twitter-video\" data-lang=\"es\">\n<p dir=\"ltr\" lang=\"es\"><a href=\"https:\/\/twitter.com\/MiguelHerreraDT\">@MiguelHerreraDT<\/a> <a href=\"https:\/\/twitter.com\/TigresOficial\">@TigresOficial<\/a> Y luego de todas las declaraciones entre el &#8216;Piojo&#8217; y el &#8216;Tuca&#8217;, Herrera se describi\u00f3 como &#8220;un pendejo&#8221; por responder ese tipo de preguntas. <a href=\"https:\/\/t.co\/gY9ZbX1JRl\">pic.twitter.com\/gY9ZbX1JRl<\/a><\/p>\n<p>\u2014 PressPort (@PressPortmx) <a href=\"https:\/\/twitter.com\/PressPortmx\/status\/865441189587066880\">19 de mayo de 2017<\/a><\/p><\/blockquote>\n<p><script async src=\"\/\/platform.twitter.com\/widgets.js\" charset=\"utf-8\"><\/script><\/p>\n<p>Durante los d\u00edas previos a este primer juego entre Xolos y Tigres, los \u00e1nimos se calentaron entre Ferretti y el Piojo, pues Tuca inici\u00f3 asegurando sobre Miguel que &#8220;<a href=\"https:\/\/www.futboltotal.com.mx\/2017\/05\/tuca-se-burlo-del-piojo-es-mi-idolo-dirige-dos-equipos\/\" target=\"_blank\" rel=\"noopener noreferrer\"><span style=\"color: #333399;\">es mi \u00eddolo, de repente dirijo a un equipo y ya estoy contratado con otro<\/span><\/a>&#8220;, lo que caus\u00f3 que el entrenador de Xolos le respondiera frases como &#8220;<a href=\"https:\/\/www.futboltotal.com.mx\/2017\/05\/piojo-herrera-contesto-a-ricardo-ferretti-tuca-cierra-hocico-carajo\/\" target=\"_blank\" rel=\"noopener noreferrer\"><span style=\"color: #333399;\">Tuca, cierra el hocico, carajo<\/span><\/a>&#8220;, adem\u00e1s de &#8220;<a href=\"https:\/\/www.futboltotal.com.mx\/2017\/05\/me-parece-al-tuca-ferretti-le-da-alzheimer-miguel-herrera\/\" target=\"_blank\" rel=\"noopener noreferrer\"><span style=\"color: #333399;\">Me parece que al Tuca le da Alzeheimer<\/span><\/a>&#8220;.<\/p>\n<p style=\"text-align: center;\"><a href=\"https:\/\/www.futboltotal.com.mx\/2017\/05\/america-buscaria-los-servicios-carlos-sanchez\/\" target=\"_blank\" rel=\"noopener noreferrer\"><span style=\"color: #333399;\">VER M\u00c1S: Am\u00e9rica buscar\u00eda &#8216;robarle&#8217; a\u00a0Carlos S\u00e1nchez al Monterrey<\/span><\/a><\/p>\n","protected":false},"excerpt":{"rendered":"<p>Herrera, t\u00e9cnico de Xolos, no aguant\u00f3 ante las preguntas de la prensa.<\/p>\n","protected":false},"author":20,"featured_media":468889,"comment_status":"closed","ping_status":"closed","sticky":false,"template":"","format":"standard","meta":[],"categories":[5,2198,3845],"tags":[7732,64,1046,255,6157,5973,5974,1458],"_links":{"self":[{"href":"http:\/\/desarrollo.grupomedios.com\/futbol\/wp-json\/wp\/v2\/posts\/479676"}],"collection":[{"href":"http:\/\/desarrollo.grupomedios.com\/futbol\/wp-json\/wp\/v2\/posts"}],"about":[{"href":"http:\/\/desarrollo.grupomedios.com\/futbol\/wp-json\/wp\/v2\/types\/post"}],"author":[{"embeddable":true,"href":"http:\/\/desarrollo.grupomedios.com\/futbol\/wp-json\/wp\/v2\/users\/20"}],"replies":[{"embeddable":true,"href":"http:\/\/desarrollo.grupomedios.com\/futbol\/wp-json\/wp\/v2\/comments?post=479676"}],"version-history":[{"count":1,"href":"http:\/\/desarrollo.grupomedios.com\/futbol\/wp-json\/wp\/v2\/posts\/479676\/revisions"}],"predecessor-version":[{"id":479680,"href":"http:\/\/desarrollo.grupomedios.com\/futbol\/wp-json\/wp\/v2\/posts\/479676\/revisions\/479680"}],"wp:featuredmedia":[{"embeddable":true,"href":"http:\/\/desarrollo.grupomedios.com\/futbol\/wp-json\/wp\/v2\/media\/468889"}],"wp:attachment":[{"href":"http:\/\/desarrollo.grupomedios.com\/futbol\/wp-json\/wp\/v2\/media?parent=479676"}],"wp:term":[{"taxonomy":"category","embeddable":true,"href":"http:\/\/desarrollo.grupomedios.com\/futbol\/wp-json\/wp\/v2\/categories?post=479676"},{"taxonomy":"post_tag","embeddable":true,"href":"http:\/\/desarrollo.grupomedios.com\/futbol\/wp-json\/wp\/v2\/tags?post=479676"}],"curies":[{"name":"wp","href":"https:\/\/api.w.org\/{rel}","templated":true}]}}