{"id":479681,"date":"2017-05-19T10:10:41","date_gmt":"2017-05-19T15:10:41","guid":{"rendered":"https:\/\/www.futboltotal.com.mx\/?p=479681"},"modified":"2017-05-19T10:10:41","modified_gmt":"2017-05-19T15:10:41","slug":"nico-castillo-ficharia-benfica-recambio-jimenez","status":"publish","type":"post","link":"http:\/\/desarrollo.grupomedios.com\/futbol\/destacado-home\/nico-castillo-ficharia-benfica-recambio-jimenez\/2017\/05","title":{"rendered":"Nico Castillo fichar\u00eda por Benfica como recambio de Ra\u00fal Jim\u00e9nez"},"content":{"rendered":"<p>El delantero chileno <strong>Nicol\u00e1s Castillo<\/strong> sigue siendo vinculado con otros clubes, alimentando las versiones sobre su partida de <strong>Pumas<\/strong> antes del inicio del segundo semestre del 2017. El \u00faltimo equipo para el que suena para <strong>Alemania<\/strong> y <strong>Portugal<\/strong>, en este \u00faltimo pa\u00eds con el <strong>Benfica<\/strong>.<\/p>\n<p>Seg\u00fan apunta ESPN,\u00a0el cuadro de la <strong>UNAM<\/strong> ya busca delantero para suplir a Nico, quien estar\u00eda en la \u00f3rbita de las <strong><em>\u00c1guilas<\/em><\/strong> lusas para\u00a0tomar el lugar del delantero mexicano <strong>Ra\u00fal Jim\u00e9nez<\/strong>, quien parece muy cerca de abandonar al equipo campe\u00f3n del torneo portugu\u00e9s.<\/p>\n<p style=\"text-align: center;\"><a href=\"https:\/\/www.futboltotal.com.mx\/2017\/05\/miguel-piojo-herrera-explota-asegura-soy-un-pendejo\/\" target=\"_blank\" rel=\"noopener noreferrer\"><span style=\"color: #333399;\">VER M\u00c1S: Piojo Herrera explota y asegura: &#8220;Soy un pend&#8230;&#8221;<\/span><\/a><\/p>\n<p>Sin embargo, tambi\u00e9n se insiste en el deseo de la <strong>Bundesliga<\/strong> por lograr los servicios de Castillo, quien ya vivi\u00f3 experiencias en el futbol alem\u00e1n con el <strong>Mainz 05<\/strong>, as\u00ed como el <strong>Frosinone<\/strong> italiano y el <strong>Brujas<\/strong> en B\u00e9lgica.<\/p>\n<p>Pese a estos rumores, Arturo Jim\u00e9nez, agente de la empresa chilena que representa a <strong>Nico<\/strong>, asegura que el ariete quiere cumplir su contrato con <strong>Pumas<\/strong>.<\/p>\n<p style=\"text-align: center;\"><a href=\"https:\/\/www.futboltotal.com.mx\/2017\/05\/los-memes-las-semifinales-ida-del-clausura-2017\/\" target=\"_blank\" rel=\"noopener noreferrer\"><span style=\"color: #333399;\">VER M\u00c1S: Los memes de las semifinales de ida del Clausura 2017<\/span><\/a><\/p>\n<p>&#8220;No vamos a profundizar en nada hasta despu\u00e9s de la <strong>Copa Confederaciones\u00a0<\/strong>(&#8230;)\u00a0Nico est\u00e1 feliz en Pumas y quiere respetar su contrato&#8221;, dijo el agente.<\/p>\n<p>La cl\u00e1usula de rescisi\u00f3n de <strong>Castillo<\/strong> es de <strong>7.5 millones de d\u00f3lares<\/strong>, cifra que ni <strong>Pumas<\/strong> ni el club que desee ficharlo podr\u00e1 bajar debido que\u00a0marcado en su contrato.<\/p>\n<p style=\"text-align: center;\"><span style=\"color: #333399;\"><a style=\"color: #333399;\" href=\"https:\/\/www.futboltotal.com.mx\/2017\/05\/jugadores-tigres-se-burlan-saludo-piojo-tuca\/\" target=\"_blank\" rel=\"noopener noreferrer\">VER M\u00c1S: Jugadores de Tigres se burlan de saludo entre el Piojo y Tuca<\/a><\/span><\/p>\n","protected":false},"excerpt":{"rendered":"<p>El delantero chileno est\u00e1 en la mira de clubes de Alemania y Portugal.<\/p>\n","protected":false},"author":20,"featured_media":473913,"comment_status":"closed","ping_status":"closed","sticky":false,"template":"","format":"standard","meta":[],"categories":[5,7740,3839,2198,7709,3845,6718],"tags":[6060,7753,4269,74],"_links":{"self":[{"href":"http:\/\/desarrollo.grupomedios.com\/futbol\/wp-json\/wp\/v2\/posts\/479681"}],"collection":[{"href":"http:\/\/desarrollo.grupomedios.com\/futbol\/wp-json\/wp\/v2\/posts"}],"about":[{"href":"http:\/\/desarrollo.grupomedios.com\/futbol\/wp-json\/wp\/v2\/types\/post"}],"author":[{"embeddable":true,"href":"http:\/\/desarrollo.grupomedios.com\/futbol\/wp-json\/wp\/v2\/users\/20"}],"replies":[{"embeddable":true,"href":"http:\/\/desarrollo.grupomedios.com\/futbol\/wp-json\/wp\/v2\/comments?post=479681"}],"version-history":[{"count":1,"href":"http:\/\/desarrollo.grupomedios.com\/futbol\/wp-json\/wp\/v2\/posts\/479681\/revisions"}],"predecessor-version":[{"id":479684,"href":"http:\/\/desarrollo.grupomedios.com\/futbol\/wp-json\/wp\/v2\/posts\/479681\/revisions\/479684"}],"wp:featuredmedia":[{"embeddable":true,"href":"http:\/\/desarrollo.grupomedios.com\/futbol\/wp-json\/wp\/v2\/media\/473913"}],"wp:attachment":[{"href":"http:\/\/desarrollo.grupomedios.com\/futbol\/wp-json\/wp\/v2\/media?parent=479681"}],"wp:term":[{"taxonomy":"category","embeddable":true,"href":"http:\/\/desarrollo.grupomedios.com\/futbol\/wp-json\/wp\/v2\/categories?post=479681"},{"taxonomy":"post_tag","embeddable":true,"href":"http:\/\/desarrollo.grupomedios.com\/futbol\/wp-json\/wp\/v2\/tags?post=479681"}],"curies":[{"name":"wp","href":"https:\/\/api.w.org\/{rel}","templated":true}]}}