{"id":479710,"date":"2017-05-19T13:43:57","date_gmt":"2017-05-19T18:43:57","guid":{"rendered":"https:\/\/www.futboltotal.com.mx\/?p=479710"},"modified":"2017-05-19T13:43:57","modified_gmt":"2017-05-19T18:43:57","slug":"higuera-podria-revivir-a-tecos-en-el-futbol-mexicano","status":"publish","type":"post","link":"http:\/\/desarrollo.grupomedios.com\/futbol\/futbol-mexicano\/higuera-podria-revivir-a-tecos-en-el-futbol-mexicano\/2017\/05","title":{"rendered":"\u00a1Higuera podr\u00eda revivir a Tecos en el futbol mexicano!"},"content":{"rendered":"<p>Los problemas con los equipos de Ascenso MX siguen dando de qu\u00e9 hablar y ahora parece que un viejo conocido del futbol mexicano estar\u00eda volviendo, adem\u00e1s del proyecto del San Luis.<\/p>\n<p>El Presidente de grupo Omnilife-Chivas , <strong>Jos\u00e9 Luis Higuera<\/strong>, estar\u00eda interesado en un nuevo proyecto y el equipo de Coras podr\u00eda cambiar de sede, pues estar\u00edan dejando Tepic para mudarse a Guadalajara.<\/p>\n<p style=\"text-align: center;\"><span style=\"color: #3366ff;\"><a style=\"color: #3366ff;\" href=\"https:\/\/www.futboltotal.com.mx\/2017\/05\/cruz-azul-estaria-a-paso-fichar-al-goleador-raul-ruidiaz\/\">VER M\u00c1S: Cruz Azul estar\u00eda a un paso de fichar al goleador Ra\u00fal Ruid\u00edaz<\/a><\/span><\/p>\n<p>La intenci\u00f3n de Higuera ser\u00eda revivir a los <strong>Estudiantes Tecos<\/strong> de la UAG y convertirlos en su franquicia para tener los canteranos de Chivas m\u00e1s cerca y la vista de Mat\u00edas Almeyda.<\/p>\n<p>Seg\u00fan cuenta la columna de <em>El Francotirador<\/em> del <em>Diario R\u00e9cord<\/em>, las intenciones de que Higuera reviva a los <strong>Tecos<\/strong> son ciertos y buscar\u00e1 tener al equipo para que se fogueen los jugadores rojiblancos y despu\u00e9s darles una oportunidad en el primer equipo, algo <span style=\"color: #3366ff;\"><a style=\"color: #3366ff;\" href=\"https:\/\/www.futboltotal.com.mx\/2017\/05\/tigres-compraria-al-zacatepec-salvarlo\/\" target=\"_blank\" rel=\"noopener noreferrer\">similar a lo que planean los Tigres con el Zacatepec<\/a><\/span>.<\/p>\n","protected":false},"excerpt":{"rendered":"<p>El CEO de Chivas tendr\u00eda planeado cambiar de sede a las Coras.<\/p>\n","protected":false},"author":20,"featured_media":479714,"comment_status":"closed","ping_status":"closed","sticky":false,"template":"","format":"standard","meta":[],"categories":[2198,3845],"tags":[70,64,1569],"_links":{"self":[{"href":"http:\/\/desarrollo.grupomedios.com\/futbol\/wp-json\/wp\/v2\/posts\/479710"}],"collection":[{"href":"http:\/\/desarrollo.grupomedios.com\/futbol\/wp-json\/wp\/v2\/posts"}],"about":[{"href":"http:\/\/desarrollo.grupomedios.com\/futbol\/wp-json\/wp\/v2\/types\/post"}],"author":[{"embeddable":true,"href":"http:\/\/desarrollo.grupomedios.com\/futbol\/wp-json\/wp\/v2\/users\/20"}],"replies":[{"embeddable":true,"href":"http:\/\/desarrollo.grupomedios.com\/futbol\/wp-json\/wp\/v2\/comments?post=479710"}],"version-history":[{"count":1,"href":"http:\/\/desarrollo.grupomedios.com\/futbol\/wp-json\/wp\/v2\/posts\/479710\/revisions"}],"predecessor-version":[{"id":479716,"href":"http:\/\/desarrollo.grupomedios.com\/futbol\/wp-json\/wp\/v2\/posts\/479710\/revisions\/479716"}],"wp:featuredmedia":[{"embeddable":true,"href":"http:\/\/desarrollo.grupomedios.com\/futbol\/wp-json\/wp\/v2\/media\/479714"}],"wp:attachment":[{"href":"http:\/\/desarrollo.grupomedios.com\/futbol\/wp-json\/wp\/v2\/media?parent=479710"}],"wp:term":[{"taxonomy":"category","embeddable":true,"href":"http:\/\/desarrollo.grupomedios.com\/futbol\/wp-json\/wp\/v2\/categories?post=479710"},{"taxonomy":"post_tag","embeddable":true,"href":"http:\/\/desarrollo.grupomedios.com\/futbol\/wp-json\/wp\/v2\/tags?post=479710"}],"curies":[{"name":"wp","href":"https:\/\/api.w.org\/{rel}","templated":true}]}}