{"id":479713,"date":"2017-05-19T14:01:59","date_gmt":"2017-05-19T19:01:59","guid":{"rendered":"https:\/\/www.futboltotal.com.mx\/?p=479713"},"modified":"2017-05-19T14:02:51","modified_gmt":"2017-05-19T19:02:51","slug":"real-madrid-habria-fichado-a-brasileno-16-anos-enorme-cifra","status":"publish","type":"post","link":"http:\/\/desarrollo.grupomedios.com\/futbol\/futbol-internacional\/real-madrid-habria-fichado-a-brasileno-16-anos-enorme-cifra\/2017\/05","title":{"rendered":"Real Madrid habr\u00eda\u00a0fichado a brasile\u00f1o de 16 a\u00f1os por enorme cifra"},"content":{"rendered":"<p>El <strong>Real Madrid<\/strong> ya habr\u00eda hecho su primer fichaje de este mercado de verano, aunque se trata de un futbolista que luce como proyecto a futuro: <strong>Vinicius Junior<\/strong>, delantero brasile\u00f1o que es una de las \u00faltimas perlas amaz\u00f3nicas y quien tan solo tiene 16 a\u00f1os.<\/p>\n<p>De acuerdo a medios espa\u00f1oles y brasile\u00f1os, <strong>Kleber Leite<\/strong>, presidente del <strong>Flamengo<\/strong>, fue el encargado de dar a conocer esta noticia por medio de su blog, en el que escribi\u00f3: &#8220;Amigos, Vinicius Junior no est\u00e1 m\u00e1s cerca del Real Madrid. \u00c9l ya est\u00e1 en el Real Madrid&#8221;.<\/p>\n<p style=\"text-align: center;\"><a href=\"https:\/\/www.futboltotal.com.mx\/2017\/05\/america-monterrey-buscarian-robarse-a-erick-gutierrez\/\" target=\"_blank\" rel=\"noopener noreferrer\"><span style=\"color: #333399;\">VER M\u00c1S: Am\u00e9rica y Monterrey buscar\u00edan &#8216;robarse&#8217; a Erick Guti\u00e9rrez<\/span><\/a><\/p>\n<p>Los <em><strong>Merengues<\/strong><\/em> pagar\u00e1n al cuadro brasile\u00f1o 45 millones de euros, luego de que el equipo de R\u00edo de Janeiro subiera la cl\u00e1usula de rescisi\u00f3n del juvenil, que originalmente era de 30 millones, pero la operaci\u00f3n se incrementar\u00eda hasta <strong>61 millones de euros<\/strong> sumando cl\u00e1usulas y comisiones a representantes.<\/p>\n<p>El atacante, surgido de las fuerzas b\u00e1sicas del <strong>Flamengo<\/strong>, apenas debut\u00f3 en el primer equipo del club brasile\u00f1o el pasado s\u00e1bado, con 16 a\u00f1os y 10 meses convirti\u00e9ndose en un debut m\u00e1s prematuro que el de jugadores como <strong>Neymar<\/strong> (17 a\u00f1os, 1 mes) o <strong>Gabriel Jes\u00fas<\/strong> (17 a\u00f1os, 11 meses), pero ya estar\u00eda por pasar a ser jugador del Madrid.<\/p>\n<p style=\"text-align: center;\"><a href=\"https:\/\/www.futboltotal.com.mx\/2017\/05\/cruz-azul-estaria-a-paso-fichar-al-goleador-raul-ruidiaz\/\" target=\"_blank\" rel=\"noopener noreferrer\"><span style=\"color: #333399;\">VER M\u00c1S: Cruz Azul estar\u00eda a un paso de fichar al goleador Ra\u00fal Ruid\u00edaz<\/span><\/a><\/p>\n<p>&nbsp;<\/p>\n<blockquote class=\"twitter-video\" data-lang=\"es\">\n<p dir=\"ltr\" lang=\"es\">Il &#8220;battesimo&#8221; di Vin\u00edcius J\u00fanior al primo allenamento con la prima squadra.&#x1f602;&#x1f60d; <a href=\"https:\/\/t.co\/ea1jWhddq0\">pic.twitter.com\/ea1jWhddq0<\/a><\/p>\n<p>\u2014 SudameriScout (@SudameriScout) <a href=\"https:\/\/twitter.com\/SudameriScout\/status\/863389311286341632\">13 de mayo de 2017<\/a><\/p><\/blockquote>\n<p><script async src=\"\/\/platform.twitter.com\/widgets.js\" charset=\"utf-8\"><\/script><\/p>\n<p>Sin embargo, la llegada de <strong>Vinicius<\/strong> con los madridistas se tendr\u00eda planeada hasta el 2018, cuando el delantero cumpla 18 a\u00f1os y haya acumulado mayor experiencia como profesional con el <strong>Flamengo<\/strong>.<\/p>\n<p style=\"text-align: center;\"><a href=\"https:\/\/www.futboltotal.com.mx\/2017\/05\/nico-castillo-ficharia-benfica-recambio-jimenez\/\" target=\"_blank\" rel=\"noopener noreferrer\"><span style=\"color: #333399;\">VER M\u00c1S: Nico Castillo fichar\u00eda por Benfica como recambio de Ra\u00fal Jim\u00e9nez<\/span><\/a><\/p>\n<p><strong>As\u00ed juega el brasile\u00f1o Vinicius Junior<\/strong><\/p>\n<p><iframe loading=\"lazy\" src=\"https:\/\/www.youtube.com\/embed\/WILGtHXNxq0\" frameborder=\"0\" allowfullscreen=\"allowfullscreen\"><\/iframe><\/p>\n","protected":false},"excerpt":{"rendered":"<p>El cuadro Merengue ya habr\u00eda pactado el traspaso de la \u00faltima joya brasile\u00f1a.<\/p>\n","protected":false},"author":20,"featured_media":479718,"comment_status":"closed","ping_status":"closed","sticky":false,"template":"","format":"standard","meta":[],"categories":[7740,3839,3844],"tags":[6009,755,5988,8624],"_links":{"self":[{"href":"http:\/\/desarrollo.grupomedios.com\/futbol\/wp-json\/wp\/v2\/posts\/479713"}],"collection":[{"href":"http:\/\/desarrollo.grupomedios.com\/futbol\/wp-json\/wp\/v2\/posts"}],"about":[{"href":"http:\/\/desarrollo.grupomedios.com\/futbol\/wp-json\/wp\/v2\/types\/post"}],"author":[{"embeddable":true,"href":"http:\/\/desarrollo.grupomedios.com\/futbol\/wp-json\/wp\/v2\/users\/20"}],"replies":[{"embeddable":true,"href":"http:\/\/desarrollo.grupomedios.com\/futbol\/wp-json\/wp\/v2\/comments?post=479713"}],"version-history":[{"count":2,"href":"http:\/\/desarrollo.grupomedios.com\/futbol\/wp-json\/wp\/v2\/posts\/479713\/revisions"}],"predecessor-version":[{"id":479722,"href":"http:\/\/desarrollo.grupomedios.com\/futbol\/wp-json\/wp\/v2\/posts\/479713\/revisions\/479722"}],"wp:featuredmedia":[{"embeddable":true,"href":"http:\/\/desarrollo.grupomedios.com\/futbol\/wp-json\/wp\/v2\/media\/479718"}],"wp:attachment":[{"href":"http:\/\/desarrollo.grupomedios.com\/futbol\/wp-json\/wp\/v2\/media?parent=479713"}],"wp:term":[{"taxonomy":"category","embeddable":true,"href":"http:\/\/desarrollo.grupomedios.com\/futbol\/wp-json\/wp\/v2\/categories?post=479713"},{"taxonomy":"post_tag","embeddable":true,"href":"http:\/\/desarrollo.grupomedios.com\/futbol\/wp-json\/wp\/v2\/tags?post=479713"}],"curies":[{"name":"wp","href":"https:\/\/api.w.org\/{rel}","templated":true}]}}