{"id":479720,"date":"2017-05-19T14:19:04","date_gmt":"2017-05-19T19:19:04","guid":{"rendered":"https:\/\/www.futboltotal.com.mx\/?p=479720"},"modified":"2017-05-19T14:19:04","modified_gmt":"2017-05-19T19:19:04","slug":"raul-jimenez-podria-llegar-a-la-premier-league-west-ham","status":"publish","type":"post","link":"http:\/\/desarrollo.grupomedios.com\/futbol\/destacado-home\/raul-jimenez-podria-llegar-a-la-premier-league-west-ham\/2017\/05","title":{"rendered":"Ra\u00fal Jim\u00e9nez podr\u00eda llegar a la Premier League"},"content":{"rendered":"<p>Con la temporada 2016-17 por finalizar, comienzan a surgir los rumores en cuanto al mercado de fichajes para la pr\u00f3xima temporada en el futbol europeo y el mexicano <strong>Ra\u00fal Jim\u00e9nez<\/strong> ya suena en algunos equipos.<\/p>\n<p>Tras los rumores que <span style=\"color: #3366ff;\"><a style=\"color: #3366ff;\" href=\"https:\/\/www.futboltotal.com.mx\/2017\/05\/nico-castillo-ficharia-benfica-recambio-jimenez\/\" target=\"_blank\" rel=\"noopener noreferrer\">colocan al chileno de Pumas, Nicol\u00e1s Castillo en el Benfica<\/a><\/span>, el mexicano podr\u00eda salir del equipo de las <em>\u00c1guilas<\/em> y llegar a la <strong>Premier League<\/strong>.<\/p>\n<p>El <strong>West Ham<\/strong>, que dirige Slaven Bilic, pedir\u00eda a su directiva abrir la cartera para poder contratar a Jim\u00e9nez para la pr\u00f3xima temporada, luego de coronarse Bicampe\u00f3n en la Primeira Liga.<\/p>\n<p style=\"text-align: center;\"><span style=\"color: #3366ff;\"><a style=\"color: #3366ff;\" href=\"https:\/\/www.futboltotal.com.mx\/2017\/05\/cruz-azul-estaria-a-paso-fichar-al-goleador-raul-ruidiaz\/\">VER M\u00c1S: Cruz Azul estar\u00eda a un paso de fichar al goleador Ra\u00fal Ruid\u00edaz<\/a><\/span><\/p>\n<p>El equipo portugu\u00e9s pag\u00f3 20 millones de euros al Atl\u00e9tico de Madrid para hacerse con la carta del mexicano y ahora tiene una cl\u00e1usula de liberaci\u00f3n de casi 60, por lo que el <strong>West Ham<\/strong> estar\u00eda dispuesto a invertir 30 millones, seg\u00fan informa el diario portugu\u00e9s <em>Record<\/em>.<\/p>\n<p>Uno de los motivos por el que los <em>Hammers<\/em> se interesaron en el jugador es por su f\u00edsico y el gran juego a\u00e9reo que tiene <strong>Jim\u00e9nez<\/strong>, pues se sabe que la Premier League es de mucho contacto.<\/p>\n<p style=\"text-align: center;\"><span style=\"color: #3366ff;\"><a style=\"color: #3366ff;\" href=\"https:\/\/www.futboltotal.com.mx\/2017\/05\/tigres-compraria-al-zacatepec-salvarlo\/\">VER M\u00c1S: \u00a1Tigres comprar\u00eda al Zacatepec para salvarlo!<\/a><\/span><\/p>\n","protected":false},"excerpt":{"rendered":"<p>El West Ham podr\u00eda ofertar por el mexicano.<\/p>\n","protected":false},"author":20,"featured_media":436228,"comment_status":"closed","ping_status":"closed","sticky":false,"template":"","format":"standard","meta":[],"categories":[5,3839],"tags":[6060,6214,334,742,1743],"_links":{"self":[{"href":"http:\/\/desarrollo.grupomedios.com\/futbol\/wp-json\/wp\/v2\/posts\/479720"}],"collection":[{"href":"http:\/\/desarrollo.grupomedios.com\/futbol\/wp-json\/wp\/v2\/posts"}],"about":[{"href":"http:\/\/desarrollo.grupomedios.com\/futbol\/wp-json\/wp\/v2\/types\/post"}],"author":[{"embeddable":true,"href":"http:\/\/desarrollo.grupomedios.com\/futbol\/wp-json\/wp\/v2\/users\/20"}],"replies":[{"embeddable":true,"href":"http:\/\/desarrollo.grupomedios.com\/futbol\/wp-json\/wp\/v2\/comments?post=479720"}],"version-history":[{"count":1,"href":"http:\/\/desarrollo.grupomedios.com\/futbol\/wp-json\/wp\/v2\/posts\/479720\/revisions"}],"predecessor-version":[{"id":479728,"href":"http:\/\/desarrollo.grupomedios.com\/futbol\/wp-json\/wp\/v2\/posts\/479720\/revisions\/479728"}],"wp:featuredmedia":[{"embeddable":true,"href":"http:\/\/desarrollo.grupomedios.com\/futbol\/wp-json\/wp\/v2\/media\/436228"}],"wp:attachment":[{"href":"http:\/\/desarrollo.grupomedios.com\/futbol\/wp-json\/wp\/v2\/media?parent=479720"}],"wp:term":[{"taxonomy":"category","embeddable":true,"href":"http:\/\/desarrollo.grupomedios.com\/futbol\/wp-json\/wp\/v2\/categories?post=479720"},{"taxonomy":"post_tag","embeddable":true,"href":"http:\/\/desarrollo.grupomedios.com\/futbol\/wp-json\/wp\/v2\/tags?post=479720"}],"curies":[{"name":"wp","href":"https:\/\/api.w.org\/{rel}","templated":true}]}}