{"id":479738,"date":"2017-05-20T08:20:53","date_gmt":"2017-05-20T13:20:53","guid":{"rendered":"https:\/\/www.futboltotal.com.mx\/?p=479738"},"modified":"2017-05-20T10:27:11","modified_gmt":"2017-05-20T15:27:11","slug":"en-vivo-eintracht-frankfurt-vs-rb-leipzig-bundesliga","status":"publish","type":"post","link":"http:\/\/desarrollo.grupomedios.com\/futbol\/futbol-internacional\/en-vivo-eintracht-frankfurt-vs-rb-leipzig-bundesliga\/2017\/05","title":{"rendered":"AS\u00cd SE VIVI\u00d3 |\u00a0Eintracht Frankfurt 2-2 RB Leipzig | Bundesliga"},"content":{"rendered":"<p style=\"text-align: center;\"><span style=\"color: #3366ff;\"><a style=\"color: #3366ff;\" href=\"https:\/\/en-vivo.futboltotal.com.mx\/partido\/eintracht-frankfurt-vs-rb-leipzig-bundesliga\/95\/\" target=\"_blank\" rel=\"noopener noreferrer\">DA CLICK AQU\u00cd Y SIGUE EN VIVO EL EINTRACHT FRANKFURT VS RB LEIPZIG ESTE S\u00c1BADO 20 DE MAYO A LAS 8:30 HRS.<\/a><\/span><\/p>\n<p>En la Commerzbank-Arena se celebrar\u00e1 el <strong>Eintracht Frankfurt vs RB Leipzig<\/strong>, correspondiente a la jornada 34 de la Bundesliga, donde el equipo de Marco Fabi\u00e1n quiere volver al triunfo, tras tres derrotas consecutivas en el balompi\u00e9 alem\u00e1n. Las acciones comienzan a las 8:30 horas del tiempo del centro de M\u00e9xico, del s\u00e1bado 20 de mayo.<\/p>\n<p>Luego de una espectacular temporada, el Leipzig buscar\u00e1 terminar como segundo de la Bundesliga, pues hace unas semanas desperdici\u00f3 la ventaja que ten\u00edan sobre el Bayern M\u00fanich y cayeron de \u00faltimo minuto. Los de Red Bull pelean el segundo puesto con el Borussia Dortmund, aunque ya no tendr\u00e1n opci\u00f3n de jugar en la Champions League por el campeonato que consigui\u00f3 su hermano el Red Bull de Salzburgo.<\/p>\n<p style=\"text-align: center;\"><a href=\"https:\/\/en-vivo.futboltotal.com.mx\/partido\/eintracht-frankfurt-vs-rb-leipzig-bundesliga\/95\/\" target=\"_blank\" rel=\"noopener noreferrer\"><span style=\"color: #3366ff;\">DA CLICK AQU\u00cd Y SIGUE EN VIVO EL EINTRACHT FRANKFURT VS RB LEIPZIG ESTE S\u00c1BADO 20 DE MAYO A LAS 8:30 HRS.<\/span><\/a><\/p>\n<p>La situaci\u00f3n es diferente para el <strong>Eintracht Frankfurt<\/strong>, pues ya no pelean nada importante dentro de la tabla y estar\u00e1n enfocados en la Final de la DFB Pokal que disputar\u00e1n la pr\u00f3xima semana contra el Dortmund.<\/p>\n<p>El mexicano Marco Fabi\u00e1n buscar\u00e1 cerrar de buena forma la temporada con las \u00c1guilas, pues fue uno de sus mejores hombres y lleg\u00f3 a marcar cinco goles, convirti\u00e9ndose en un referente del equipo.<\/p>\n<p><strong>Eintracht Frankfurt vs RB Leipzig<\/strong>, \u00a0\u00bfqui\u00e9n ganar\u00e1 este encuentro, cracks?<\/p>\n","protected":false},"excerpt":{"rendered":"<p>Marco Fabi\u00e1n buscar\u00e1 cerrar de buena forma la temporada de Bundesliga.<\/p>\n","protected":false},"author":20,"featured_media":479747,"comment_status":"closed","ping_status":"closed","sticky":false,"template":"","format":"standard","meta":[],"categories":[3839],"tags":[119,3588,7616],"_links":{"self":[{"href":"http:\/\/desarrollo.grupomedios.com\/futbol\/wp-json\/wp\/v2\/posts\/479738"}],"collection":[{"href":"http:\/\/desarrollo.grupomedios.com\/futbol\/wp-json\/wp\/v2\/posts"}],"about":[{"href":"http:\/\/desarrollo.grupomedios.com\/futbol\/wp-json\/wp\/v2\/types\/post"}],"author":[{"embeddable":true,"href":"http:\/\/desarrollo.grupomedios.com\/futbol\/wp-json\/wp\/v2\/users\/20"}],"replies":[{"embeddable":true,"href":"http:\/\/desarrollo.grupomedios.com\/futbol\/wp-json\/wp\/v2\/comments?post=479738"}],"version-history":[{"count":6,"href":"http:\/\/desarrollo.grupomedios.com\/futbol\/wp-json\/wp\/v2\/posts\/479738\/revisions"}],"predecessor-version":[{"id":479816,"href":"http:\/\/desarrollo.grupomedios.com\/futbol\/wp-json\/wp\/v2\/posts\/479738\/revisions\/479816"}],"wp:featuredmedia":[{"embeddable":true,"href":"http:\/\/desarrollo.grupomedios.com\/futbol\/wp-json\/wp\/v2\/media\/479747"}],"wp:attachment":[{"href":"http:\/\/desarrollo.grupomedios.com\/futbol\/wp-json\/wp\/v2\/media?parent=479738"}],"wp:term":[{"taxonomy":"category","embeddable":true,"href":"http:\/\/desarrollo.grupomedios.com\/futbol\/wp-json\/wp\/v2\/categories?post=479738"},{"taxonomy":"post_tag","embeddable":true,"href":"http:\/\/desarrollo.grupomedios.com\/futbol\/wp-json\/wp\/v2\/tags?post=479738"}],"curies":[{"name":"wp","href":"https:\/\/api.w.org\/{rel}","templated":true}]}}