{"id":479749,"date":"2017-05-20T08:25:34","date_gmt":"2017-05-20T13:25:34","guid":{"rendered":"https:\/\/www.futboltotal.com.mx\/?p=479749"},"modified":"2017-05-20T10:26:39","modified_gmt":"2017-05-20T15:26:39","slug":"en-vivo-hertha-berlin-vs-bayer-leverkusen-bundesliga","status":"publish","type":"post","link":"http:\/\/desarrollo.grupomedios.com\/futbol\/futbol-internacional\/en-vivo-hertha-berlin-vs-bayer-leverkusen-bundesliga\/2017\/05","title":{"rendered":"AS\u00cd SE VIVI\u00d3 | Hertha Berl\u00edn 2-6 Bayer Leverkusen | Bundesliga"},"content":{"rendered":"<p style=\"text-align: center;\"><span style=\"color: #3366ff;\"><a style=\"color: #3366ff;\" href=\"https:\/\/en-vivo.futboltotal.com.mx\/partido\/hertha-berlin-vs-bayer-leverkusen-bundesliga\/96\/\" target=\"_blank\" rel=\"noopener noreferrer\">DA CLICK AQU\u00cd Y SIGUE EN VIVO EL HERTHA BERL\u00cdN vs BAYER LEVERKUSEN HOY A LAS 8:30 HRS.<\/a><\/span><\/p>\n<p>Este s\u00e1bado 21 de mayo Hertha Berl\u00edn vs Bayer Leverkusen cerrar\u00e1 la temporada con el partido correspondiente a la semana 34 de la actividad de la Bundesliga, donde Chicharito espera ver actividad, luego de los pocos minutos que ha tenido en los \u00faltimos partidos. Las acciones inician a las 8:30 horas del tiempo del centro de M\u00e9xico, en el estadio Ol\u00edmpico de Berl\u00edn.<\/p>\n<p>El equipo de Berl\u00edn buscar\u00e1 revancha luego de la derrota que sufrieron a manos del Leverkusen y buscar\u00e1 seguir entre los primeros cinco de la tabla general de la Bundesliga.<\/p>\n<p>Por su parte, el Bayer Leverkusen quiere cerrar con triunfo la p\u00e9sima temporada que tuvo luego de quedar m\u00e1s abajo de las 10 primeras posiciones y no clasificar a ninguna competici\u00f3n europea, pues hab\u00eda logrado clasificarse dos temporadas seguidas a la Champions League.<\/p>\n<p style=\"text-align: center;\"><a href=\"https:\/\/en-vivo.futboltotal.com.mx\/partido\/hertha-berlin-vs-bayer-leverkusen-bundesliga\/96\/\"><span style=\"color: #3366ff;\">DA CLICK AQU\u00cd Y SIGUE EN VIVO EL HERTHA BERL\u00cdN vs BAYER LEVERKUSEN HOY A LAS 8:30 HRS.<\/span><\/a><\/p>\n<p>Chicharito espera ver actividad en este encuentro, luego de dos jornadas seguidas de ver las acciones desde la banca, en algo que periodistas de distintos pa\u00edses, se han encargado de traducir, como un acto personal contra el mexicano, de parte del director t\u00e9cnico de las Aspirinas, Tayfun Korkut, a quien ya ven fuera del cargo.<\/p>\n","protected":false},"excerpt":{"rendered":"<p>Bayer Leverkusen y Chicharito buscar\u00e1n cerrar de manera digna la Bundesliga.<\/p>\n","protected":false},"author":20,"featured_media":460569,"comment_status":"closed","ping_status":"closed","sticky":false,"template":"","format":"standard","meta":[],"categories":[3839],"tags":[4335,119,5044],"_links":{"self":[{"href":"http:\/\/desarrollo.grupomedios.com\/futbol\/wp-json\/wp\/v2\/posts\/479749"}],"collection":[{"href":"http:\/\/desarrollo.grupomedios.com\/futbol\/wp-json\/wp\/v2\/posts"}],"about":[{"href":"http:\/\/desarrollo.grupomedios.com\/futbol\/wp-json\/wp\/v2\/types\/post"}],"author":[{"embeddable":true,"href":"http:\/\/desarrollo.grupomedios.com\/futbol\/wp-json\/wp\/v2\/users\/20"}],"replies":[{"embeddable":true,"href":"http:\/\/desarrollo.grupomedios.com\/futbol\/wp-json\/wp\/v2\/comments?post=479749"}],"version-history":[{"count":5,"href":"http:\/\/desarrollo.grupomedios.com\/futbol\/wp-json\/wp\/v2\/posts\/479749\/revisions"}],"predecessor-version":[{"id":479815,"href":"http:\/\/desarrollo.grupomedios.com\/futbol\/wp-json\/wp\/v2\/posts\/479749\/revisions\/479815"}],"wp:featuredmedia":[{"embeddable":true,"href":"http:\/\/desarrollo.grupomedios.com\/futbol\/wp-json\/wp\/v2\/media\/460569"}],"wp:attachment":[{"href":"http:\/\/desarrollo.grupomedios.com\/futbol\/wp-json\/wp\/v2\/media?parent=479749"}],"wp:term":[{"taxonomy":"category","embeddable":true,"href":"http:\/\/desarrollo.grupomedios.com\/futbol\/wp-json\/wp\/v2\/categories?post=479749"},{"taxonomy":"post_tag","embeddable":true,"href":"http:\/\/desarrollo.grupomedios.com\/futbol\/wp-json\/wp\/v2\/tags?post=479749"}],"curies":[{"name":"wp","href":"https:\/\/api.w.org\/{rel}","templated":true}]}}