{"id":479794,"date":"2017-05-19T21:29:57","date_gmt":"2017-05-20T02:29:57","guid":{"rendered":"https:\/\/www.futboltotal.com.mx\/?p=479794"},"modified":"2017-05-19T21:29:57","modified_gmt":"2017-05-20T02:29:57","slug":"ochoa-acusa-agachones-a-companeros-del-granada","status":"publish","type":"post","link":"http:\/\/desarrollo.grupomedios.com\/futbol\/futbol-internacional\/ochoa-acusa-agachones-a-companeros-del-granada\/2017\/05","title":{"rendered":"Ochoa acusa de &#8216;agachones&#8217; a compa\u00f1eros del Granada"},"content":{"rendered":"<p>El portero mexicano <strong>Guillermo Ochoa<\/strong> indic\u00f3 una vez terminada la temporada del <strong>Granada<\/strong>, que ha descendido a Segunda Divisi\u00f3n, que muchos jugadores del equipo no tiraron del carro y que hubo futbolistas que se escond\u00edan a la hora de tener que jugar.<\/p>\n<p>Ochoa explic\u00f3 ante los medios que se sent\u00eda dolido por no alcanzar el objetivo de la permanencia y destac\u00f3 a una &#8220;afici\u00f3n de diez&#8221; que apoy\u00f3 del primer al \u00faltimo partido pese a que &#8220;el cari\u00f1o no fue rec\u00edproco por las actuaciones del equipo&#8221;.<\/p>\n<p style=\"text-align: center;\"><span style=\"color: #3366ff;\"><a style=\"color: #3366ff;\" href=\"https:\/\/www.futboltotal.com.mx\/2017\/05\/eduardo-la-torre-confirma-jesus-corona-en-cruz-azul\/\" target=\"_blank\" rel=\"noopener noreferrer\"><strong>VER M\u00c1S: Corona define su futuro con Cruz Azul<\/strong><\/a><\/span><\/p>\n<p>El meta agreg\u00f3 que &#8220;la gente a la que le toque tendr\u00e1 que analizar qu\u00e9 se hizo mal&#8221; ya que hubo &#8220;muchas situaciones en el a\u00f1o de cambio de entrenador, idiomas o jugadores nuevos sin experiencia en la Liga&#8221; y que hubo &#8220;jugadores que se escond\u00edan&#8221; a la hora de jugar los partidos.<\/p>\n<p>&#8220;Ha habido lesiones, muchas cosas que no han salido a la luz, mucha gente que de repente tiraba la toalla. Cada uno debe ser autocr\u00edtico, ver lo que trat\u00f3 de hacer para revertir la situaci\u00f3n, ver lo honesto y profesional que fue durante el a\u00f1o y cada uno sabr\u00e1 si puede mirar a los ojos a la gente e irse con la cabeza en alto&#8221;, sentenci\u00f3.<\/p>\n<p style=\"text-align: center;\"><span style=\"color: #3366ff;\"><a style=\"color: #3366ff;\" href=\"https:\/\/www.futboltotal.com.mx\/2017\/05\/edson-puch-cinco-mexicanos-en-lista-chile-a-confederaciones\/\" target=\"_blank\" rel=\"noopener noreferrer\"><strong>VER M\u00c1S: Chile convoca a seis jugadores de Liga MX para Confederaciones<\/strong><\/a><\/span><\/p>\n<p>Ochoa tiene claro que hubo muchos que no tiraron del carro y que &#8220;cuando las cosas no salen hay que analizarlo todo&#8221; sin asustarse sino siendo honesto y diciendo lo que ocurre.<\/p>\n<p>Pese a convertirse en el portero m\u00e1s goleado de una Liga en Primera, Ochoa cree que fichar por el <strong>Granada<\/strong> fue &#8220;una decisi\u00f3n correcta&#8221;.<\/p>\n<p>&#8220;Estar en la cancha todos los partidos fue por algo, hay cosas buenas, segu\u00ed jugando y siendo pieza fundamental todo el tiempo, y por algo el cari\u00f1o de la gente, significa que haces las cosas bien, que eres profesional y tratas de ayudar&#8221;, a\u00f1adi\u00f3.<\/p>\n<p style=\"text-align: center;\"><span style=\"color: #3366ff;\"><a style=\"color: #3366ff;\" href=\"https:\/\/www.futboltotal.com.mx\/2017\/05\/guido-rodriguez-convocado-con-argentina\/\" target=\"_blank\" rel=\"noopener noreferrer\"><strong>VER M\u00c1S: Argentina convoca a cuatro jugadores de Liga MX<\/strong><\/a><\/span><\/p>\n<p>El meta mir\u00f3 al futuro y avanz\u00f3 que su cabeza est\u00e1 ahora &#8220;con la selecci\u00f3n, con M\u00e9xico, con los partidos de eliminatorias que hay y con la Copa Confederaciones&#8221; que le va a dejar &#8220;sin vacaciones&#8221;.<\/p>\n<p>&#8220;No tengo nada cerrado con nadie, vamos a ver las opciones que tenga y a tomar la mejor decisi\u00f3n&#8221;, apunt\u00f3 sobre su destino para la campa\u00f1a venidera esperando que pueda tener &#8220;el pasaporte espa\u00f1ol&#8221; y que eso le abra &#8220;puertas de otros clubes&#8221;.<\/p>\n<p>&#8220;El hecho de contar como extranjero siempre dificulta las cosas, los equipos buscan ocupar esas plazas en otros puestos, en porteros poco. Soy casi el \u00fanico portero sudamericano sin pasaporte europeo&#8221;, agreg\u00f3.<\/p>\n<p style=\"text-align: center;\"><span style=\"color: #3366ff;\"><a style=\"color: #3366ff;\" href=\"https:\/\/www.futboltotal.com.mx\/2017\/05\/miroslava-montemayor-desaparece-programa-espn-tras-polemica-jose-ramon-fernandez\/\" target=\"_blank\" rel=\"noopener noreferrer\"><strong>VER M\u00c1S: \u00bfMiroslava no aparece en programa de ESPN tras pol\u00e9mica con Joserra?<\/strong><\/a><\/span><\/p>\n<p>S\u00edguenos en Twitter: <a href=\"https:\/\/twitter.com\/MXFutbolTotal\" target=\"_blank\" rel=\"noopener noreferrer\">@MXFutbolTotal<\/a><\/p>\n","protected":false},"excerpt":{"rendered":"<p>&#8220;Muchos se escond\u00edan o tiraban la toalla&#8221;, exclama en contra de jugadores,  entrenadores y hasta directivos.<\/p>\n","protected":false},"author":144,"featured_media":479795,"comment_status":"closed","ping_status":"closed","sticky":false,"template":"","format":"standard","meta":[],"categories":[3839,3844],"tags":[6214,700,5991],"_links":{"self":[{"href":"http:\/\/desarrollo.grupomedios.com\/futbol\/wp-json\/wp\/v2\/posts\/479794"}],"collection":[{"href":"http:\/\/desarrollo.grupomedios.com\/futbol\/wp-json\/wp\/v2\/posts"}],"about":[{"href":"http:\/\/desarrollo.grupomedios.com\/futbol\/wp-json\/wp\/v2\/types\/post"}],"author":[{"embeddable":true,"href":"http:\/\/desarrollo.grupomedios.com\/futbol\/wp-json\/wp\/v2\/users\/144"}],"replies":[{"embeddable":true,"href":"http:\/\/desarrollo.grupomedios.com\/futbol\/wp-json\/wp\/v2\/comments?post=479794"}],"version-history":[{"count":1,"href":"http:\/\/desarrollo.grupomedios.com\/futbol\/wp-json\/wp\/v2\/posts\/479794\/revisions"}],"predecessor-version":[{"id":479796,"href":"http:\/\/desarrollo.grupomedios.com\/futbol\/wp-json\/wp\/v2\/posts\/479794\/revisions\/479796"}],"wp:featuredmedia":[{"embeddable":true,"href":"http:\/\/desarrollo.grupomedios.com\/futbol\/wp-json\/wp\/v2\/media\/479795"}],"wp:attachment":[{"href":"http:\/\/desarrollo.grupomedios.com\/futbol\/wp-json\/wp\/v2\/media?parent=479794"}],"wp:term":[{"taxonomy":"category","embeddable":true,"href":"http:\/\/desarrollo.grupomedios.com\/futbol\/wp-json\/wp\/v2\/categories?post=479794"},{"taxonomy":"post_tag","embeddable":true,"href":"http:\/\/desarrollo.grupomedios.com\/futbol\/wp-json\/wp\/v2\/tags?post=479794"}],"curies":[{"name":"wp","href":"https:\/\/api.w.org\/{rel}","templated":true}]}}