{"id":479797,"date":"2017-05-19T21:47:46","date_gmt":"2017-05-20T02:47:46","guid":{"rendered":"https:\/\/www.futboltotal.com.mx\/?p=479797"},"modified":"2017-05-19T21:47:46","modified_gmt":"2017-05-20T02:47:46","slug":"aparecen-los-salvadores-del-atlante","status":"publish","type":"post","link":"http:\/\/desarrollo.grupomedios.com\/futbol\/futbol-mexicano\/aparecen-los-salvadores-del-atlante\/2017\/05","title":{"rendered":"\u00a1\u00bfAparecen los salvadores del Atlante?!"},"content":{"rendered":"<p>Tras difundirse la noticia, de que <strong>Atlante<\/strong> est\u00e1 en riesgo de extinguirse, han surgido dos nuevas propuestas que podr\u00edan salvar al equipo, y por tanto, todo quedar\u00eda en un simple susto, para la afici\u00f3n de uno de los clubes con mayor tradici\u00f3n en el futbol mexicano.<\/p>\n<p>De acuerdo con <em>R\u00e9cord<\/em> y <em>ESPN<\/em>, Loros de Colima ha ofrecido al <strong>Atlante<\/strong> una fusi\u00f3n, que consiste en combinaci\u00f3n de jugadores pero mantener el nombre del equipo del occidente de M\u00e9xico, en la Segunda Divisi\u00f3n Premier, a donde descendieron; pero, con la promesa de cederles la franquicia, para que en puedan reaparecer en el momento oportuno.<\/p>\n<p style=\"text-align: center;\"><span style=\"color: #3366ff;\"><a style=\"color: #3366ff;\" href=\"https:\/\/www.futboltotal.com.mx\/2017\/05\/ochoa-acusa-agachones-a-companeros-del-granada\/\" target=\"_blank\" rel=\"noopener noreferrer\"><strong>VER M\u00c1S: \u00a1Ochoa tunde a todos en Granada, tras terminar la campa\u00f1a!<\/strong><\/a><\/span><\/p>\n<p>La otra oferta, fue dada a conocer por el periodista deportivo, Heriberto Murrieta, quien indic\u00f3 que un descendiente de antiguos directivos <em>blaugranas<\/em>, quiere rescatar al <strong>Atlante<\/strong> y podr\u00eda confirmarse la negociaci\u00f3n, para el lunes 22 de mayo.<\/p>\n<p style=\"text-align: center;\"><span style=\"color: #3366ff;\"><a style=\"color: #3366ff;\" href=\"https:\/\/www.futboltotal.com.mx\/2017\/05\/ricardo-la-volpe-da-a-conocer-11-ideal-historico-del-tri\/\" target=\"_blank\" rel=\"noopener noreferrer\"><strong>VER M\u00c1S: La Volpe da a conocer su 11 ideal hist\u00f3rico del Tri<\/strong><\/a><\/span><\/p>\n<blockquote class=\"twitter-tweet\" data-lang=\"es\">\n<p dir=\"ltr\" lang=\"es\">Velarde es nieto de don Jos\u00e9 Luis P\u00e9rez Noriega, presidente atlantista en los a\u00f1os setenta<\/p>\n<p>\u2014 Heriberto Murrieta (@Beto_Murrieta) <a href=\"https:\/\/twitter.com\/Beto_Murrieta\/status\/865702327038169088\">19 de mayo de 2017<\/a><\/p><\/blockquote>\n<p><script async src=\"\/\/platform.twitter.com\/widgets.js\" charset=\"utf-8\"><\/script><\/p>\n<p style=\"text-align: center;\"><span style=\"color: #3366ff;\"><a style=\"color: #3366ff;\" href=\"https:\/\/www.futboltotal.com.mx\/2017\/05\/miroslava-montemayor-desaparece-programa-espn-tras-polemica-jose-ramon-fernandez\/\" target=\"_blank\" rel=\"noopener noreferrer\"><strong>VER M\u00c1S: \u00bfConductora de ESPN, no aparece al aire, tras pol\u00e9mica con Joserra?<\/strong><\/a><\/span><\/p>\n<p>S\u00edguenos en Twitter: <a href=\"https:\/\/twitter.com\/MXFutbolTotal\" target=\"_blank\" rel=\"noopener noreferrer\">@MXFutbolTotal<\/a><\/p>\n","protected":false},"excerpt":{"rendered":"<p>Surgen dos ofertas para los Potros de Hierro, con tal de evitar su desaparici\u00f3n.<\/p>\n","protected":false},"author":20,"featured_media":479798,"comment_status":"closed","ping_status":"closed","sticky":false,"template":"","format":"standard","meta":[],"categories":[3843,2198],"tags":[432,5960],"_links":{"self":[{"href":"http:\/\/desarrollo.grupomedios.com\/futbol\/wp-json\/wp\/v2\/posts\/479797"}],"collection":[{"href":"http:\/\/desarrollo.grupomedios.com\/futbol\/wp-json\/wp\/v2\/posts"}],"about":[{"href":"http:\/\/desarrollo.grupomedios.com\/futbol\/wp-json\/wp\/v2\/types\/post"}],"author":[{"embeddable":true,"href":"http:\/\/desarrollo.grupomedios.com\/futbol\/wp-json\/wp\/v2\/users\/20"}],"replies":[{"embeddable":true,"href":"http:\/\/desarrollo.grupomedios.com\/futbol\/wp-json\/wp\/v2\/comments?post=479797"}],"version-history":[{"count":1,"href":"http:\/\/desarrollo.grupomedios.com\/futbol\/wp-json\/wp\/v2\/posts\/479797\/revisions"}],"predecessor-version":[{"id":479799,"href":"http:\/\/desarrollo.grupomedios.com\/futbol\/wp-json\/wp\/v2\/posts\/479797\/revisions\/479799"}],"wp:featuredmedia":[{"embeddable":true,"href":"http:\/\/desarrollo.grupomedios.com\/futbol\/wp-json\/wp\/v2\/media\/479798"}],"wp:attachment":[{"href":"http:\/\/desarrollo.grupomedios.com\/futbol\/wp-json\/wp\/v2\/media?parent=479797"}],"wp:term":[{"taxonomy":"category","embeddable":true,"href":"http:\/\/desarrollo.grupomedios.com\/futbol\/wp-json\/wp\/v2\/categories?post=479797"},{"taxonomy":"post_tag","embeddable":true,"href":"http:\/\/desarrollo.grupomedios.com\/futbol\/wp-json\/wp\/v2\/tags?post=479797"}],"curies":[{"name":"wp","href":"https:\/\/api.w.org\/{rel}","templated":true}]}}