{"id":479807,"date":"2017-05-20T08:52:30","date_gmt":"2017-05-20T13:52:30","guid":{"rendered":"https:\/\/www.futboltotal.com.mx\/?p=479807"},"modified":"2017-05-20T08:52:30","modified_gmt":"2017-05-20T13:52:30","slug":"chicharito-vuelve-al-gol-bayer-leverkusen-2","status":"publish","type":"post","link":"http:\/\/desarrollo.grupomedios.com\/futbol\/videos\/chicharito-vuelve-al-gol-bayer-leverkusen-2\/2017\/05","title":{"rendered":"\u00a1Chicharito vuelve al gol con el Bayer Leverkusen!"},"content":{"rendered":"<p>Durante el <span style=\"color: #3366ff;\"><a style=\"color: #3366ff;\" href=\"https:\/\/en-vivo.futboltotal.com.mx\/partido\/hertha-berlin-vs-bayer-leverkusen-bundesliga\/96\/\" target=\"_blank\" rel=\"noopener noreferrer\">duelo de la \u00faltima jornada de la Bundesliga entre el Hertha Berl\u00edn y Bayer Leverkusen<\/a><\/span>, el mexicano <strong>Javier Chicharito Hern\u00e1ndez<\/strong> se encarg\u00f3 de abrir el marcador para su equipo.<\/p>\n<p>Apenas corr\u00eda el minuto 5&#8242; cuando <strong>Chicharito<\/strong> recibi\u00f3 un pase dentro del \u00e1rea y pic\u00f3 el bal\u00f3n por encima del portero; la pelota se estrell\u00f3 en el poste y despu\u00e9s el mexicano solo la empuj\u00f3 hacia la red.<\/p>\n<p>Aqu\u00ed el gol con el que <strong>Chicharito<\/strong> le dio la ventaja moment\u00e1nea al <strong>Leverkusen<\/strong>.<\/p>\n<p style=\"text-align: center;\"><span style=\"color: #3366ff;\"><a style=\"color: #3366ff;\" href=\"https:\/\/www.futboltotal.com.mx\/2017\/05\/raul-jimenez-podria-llegar-a-la-premier-league-west-ham\/\">VER M\u00c1S: Ra\u00fal Jim\u00e9nez podr\u00eda llegar a la Premier League<\/a><\/span><\/p>\n<p><iframe loading=\"lazy\" src=\"\/\/www.dailymotion.com\/embed\/video\/x5n3ecs\" frameborder=\"0\" allowfullscreen=\"allowfullscreen\"><\/iframe><br \/>\n<a href=\"http:\/\/www.dailymotion.com\/video\/x5n3ecs_javier-hernandez-goal-hd-hertha-bsc-0-1-bayer-leverkusen-20-05-2017-hd_sport\" target=\"_blank\" rel=\"noopener noreferrer\">Javier Hernandez Goal HD &#8211; Hertha BSC 0-1 Bayer&#8230;<\/a> <i>por <a href=\"http:\/\/www.dailymotion.com\/Livee1Goals\" target=\"_blank\" rel=\"noopener noreferrer\">Livee1Goals<\/a><\/i><\/p>\n","protected":false},"excerpt":{"rendered":"<p>El mexicano abri\u00f3 el marcador en el Ol\u00edmpico de Berl\u00edn.<\/p>\n","protected":false},"author":129,"featured_media":460569,"comment_status":"closed","ping_status":"closed","sticky":false,"template":"","format":"standard","meta":[],"categories":[5,3839,4],"tags":[4335,120,6214],"_links":{"self":[{"href":"http:\/\/desarrollo.grupomedios.com\/futbol\/wp-json\/wp\/v2\/posts\/479807"}],"collection":[{"href":"http:\/\/desarrollo.grupomedios.com\/futbol\/wp-json\/wp\/v2\/posts"}],"about":[{"href":"http:\/\/desarrollo.grupomedios.com\/futbol\/wp-json\/wp\/v2\/types\/post"}],"author":[{"embeddable":true,"href":"http:\/\/desarrollo.grupomedios.com\/futbol\/wp-json\/wp\/v2\/users\/129"}],"replies":[{"embeddable":true,"href":"http:\/\/desarrollo.grupomedios.com\/futbol\/wp-json\/wp\/v2\/comments?post=479807"}],"version-history":[{"count":1,"href":"http:\/\/desarrollo.grupomedios.com\/futbol\/wp-json\/wp\/v2\/posts\/479807\/revisions"}],"predecessor-version":[{"id":479808,"href":"http:\/\/desarrollo.grupomedios.com\/futbol\/wp-json\/wp\/v2\/posts\/479807\/revisions\/479808"}],"wp:featuredmedia":[{"embeddable":true,"href":"http:\/\/desarrollo.grupomedios.com\/futbol\/wp-json\/wp\/v2\/media\/460569"}],"wp:attachment":[{"href":"http:\/\/desarrollo.grupomedios.com\/futbol\/wp-json\/wp\/v2\/media?parent=479807"}],"wp:term":[{"taxonomy":"category","embeddable":true,"href":"http:\/\/desarrollo.grupomedios.com\/futbol\/wp-json\/wp\/v2\/categories?post=479807"},{"taxonomy":"post_tag","embeddable":true,"href":"http:\/\/desarrollo.grupomedios.com\/futbol\/wp-json\/wp\/v2\/tags?post=479807"}],"curies":[{"name":"wp","href":"https:\/\/api.w.org\/{rel}","templated":true}]}}