{"id":479809,"date":"2017-05-20T08:00:49","date_gmt":"2017-05-20T13:00:49","guid":{"rendered":"https:\/\/www.futboltotal.com.mx\/?p=479809"},"modified":"2017-05-20T09:10:19","modified_gmt":"2017-05-20T14:10:19","slug":"seleccion-mexicana-sub-20-inicio-mundial-triunfo","status":"publish","type":"post","link":"http:\/\/desarrollo.grupomedios.com\/futbol\/destacado-home\/seleccion-mexicana-sub-20-inicio-mundial-triunfo\/2017\/05","title":{"rendered":"Selecci\u00f3n Mexicana Sub-20 inici\u00f3 el Mundial con triunfo"},"content":{"rendered":"<p>La Selecci\u00f3n Mexicana Sub-20 inici\u00f3 su participaci\u00f3n en la Copa del Mundo de la categor\u00eda en Corea del Sur y sac\u00f3 un apretado triunfo de 3-2 sobre Vanatu.<\/p>\n<blockquote class=\"twitter-tweet\" data-width=\"500\">\n<p lang=\"es\" dir=\"ltr\"><a href=\"https:\/\/twitter.com\/hashtag\/Sub20?src=hash\">#Sub20<\/a> Termina el encuentro con victoria en Daejeon.<a href=\"https:\/\/twitter.com\/VisaMX\">@VisaMX<\/a> informa el Marcador Final: <a href=\"https:\/\/twitter.com\/hashtag\/U20WC?src=hash\">#U20WC<\/a> | <a href=\"https:\/\/twitter.com\/hashtag\/Pasi%C3%B3nyOrgullo?src=hash\">#Pasi\u00f3nyOrgullo<\/a> <a href=\"https:\/\/t.co\/qpJhJUZIDB\">pic.twitter.com\/qpJhJUZIDB<\/a><\/p>\n<p>&mdash; Selecci\u00f3n Nacional (@miseleccionmx) <a href=\"https:\/\/twitter.com\/miseleccionmx\/status\/865868196162801665\">May 20, 2017<\/a><\/p><\/blockquote>\n<p><script async src=\"\/\/platform.twitter.com\/widgets.js\" charset=\"utf-8\"><\/script><\/p>\n<p>M\u00e9xico tuvo que esperar al descuento para resolver un partido que se le complic\u00f3 tras adelantarse 0-2 gracias a sendos errores graves de Daniel Alick, portero de Vanuatu, pa\u00eds que hoy vivi\u00f3 una jornada hist\u00f3rica al jugar su primer partido mundialista en cualquiera de las categor\u00edas.<\/p>\n<p>Aunque M\u00e9xico pudo ponerse 0-3 en otro par de ocasiones, a los tantos de Maga\u00f1a y Cisneros respondieron en la segunda parte Kalo y Wilkins, este \u00faltimo con un buen gol desde fuera del \u00e1rea.<\/p>\n<p style=\"text-align: center;\"><span style=\"color: #3366ff;\"><a style=\"color: #3366ff;\" href=\"https:\/\/www.futboltotal.com.mx\/2017\/05\/ochoa-acusa-agachones-a-companeros-del-granada\/\">VER M\u00c1S: Ochoa acusa de \u2018agachones\u2019 a compa\u00f1eros del Granada<\/a><\/span><\/p>\n<p style=\"text-align: left;\">Hubo que esperar al \u00faltimo minuto del descuento para que el central \u00c9dson \u00c1lvarez controlara un centro de Kevin Lara en el \u00e1rea grande y marcara de un derechazo el gol que rescat\u00f3 3 puntos para la Selecci\u00f3n Mexicana Sub-20.<\/p>\n","protected":false},"excerpt":{"rendered":"<p>Edson \u00c1lvarez marc\u00f3 el gol del triunfo para el Tri.<\/p>\n","protected":false},"author":129,"featured_media":479810,"comment_status":"closed","ping_status":"closed","sticky":false,"template":"","format":"standard","meta":[],"categories":[5,3839,2198,3847],"tags":[185,397],"_links":{"self":[{"href":"http:\/\/desarrollo.grupomedios.com\/futbol\/wp-json\/wp\/v2\/posts\/479809"}],"collection":[{"href":"http:\/\/desarrollo.grupomedios.com\/futbol\/wp-json\/wp\/v2\/posts"}],"about":[{"href":"http:\/\/desarrollo.grupomedios.com\/futbol\/wp-json\/wp\/v2\/types\/post"}],"author":[{"embeddable":true,"href":"http:\/\/desarrollo.grupomedios.com\/futbol\/wp-json\/wp\/v2\/users\/129"}],"replies":[{"embeddable":true,"href":"http:\/\/desarrollo.grupomedios.com\/futbol\/wp-json\/wp\/v2\/comments?post=479809"}],"version-history":[{"count":1,"href":"http:\/\/desarrollo.grupomedios.com\/futbol\/wp-json\/wp\/v2\/posts\/479809\/revisions"}],"predecessor-version":[{"id":479811,"href":"http:\/\/desarrollo.grupomedios.com\/futbol\/wp-json\/wp\/v2\/posts\/479809\/revisions\/479811"}],"wp:featuredmedia":[{"embeddable":true,"href":"http:\/\/desarrollo.grupomedios.com\/futbol\/wp-json\/wp\/v2\/media\/479810"}],"wp:attachment":[{"href":"http:\/\/desarrollo.grupomedios.com\/futbol\/wp-json\/wp\/v2\/media?parent=479809"}],"wp:term":[{"taxonomy":"category","embeddable":true,"href":"http:\/\/desarrollo.grupomedios.com\/futbol\/wp-json\/wp\/v2\/categories?post=479809"},{"taxonomy":"post_tag","embeddable":true,"href":"http:\/\/desarrollo.grupomedios.com\/futbol\/wp-json\/wp\/v2\/tags?post=479809"}],"curies":[{"name":"wp","href":"https:\/\/api.w.org\/{rel}","templated":true}]}}