{"id":479818,"date":"2017-05-20T10:44:36","date_gmt":"2017-05-20T15:44:36","guid":{"rendered":"https:\/\/www.futboltotal.com.mx\/?p=479818"},"modified":"2017-05-20T10:44:36","modified_gmt":"2017-05-20T15:44:36","slug":"mexicana-kenti-robles-campeona-atletico-madrid","status":"publish","type":"post","link":"http:\/\/desarrollo.grupomedios.com\/futbol\/futbol-mexicano\/mexicana-kenti-robles-campeona-atletico-madrid\/2017\/05","title":{"rendered":"\u00a1Mexicana Kenti Robles campeona con el Atl\u00e9tico de Madrid!"},"content":{"rendered":"<p>El <strong>Atl\u00e9tico de Madrid<\/strong>, equipo en el que milita la internacional mexicana <strong>Kenti Robles<\/strong>, se coron\u00f3 este s\u00e1bado campe\u00f3n de la Liga espa\u00f1ola de f\u00fatbol femenino tras su victoria, por 2-1, ante la Real Sociedad en la trig\u00e9sima y \u00faltima jornada de la competici\u00f3n.<\/p>\n<p>https:\/\/twitter.com\/AtletiFemenino\/status\/865899962504273920<\/p>\n<p>Con un total de 78 puntos -el Barcelona fue segundo, con 75-, el <strong>Atl\u00e9tico de Madrid<\/strong> consigui\u00f3 el primer t\u00edtulo liguero de su historia. En su consecuci\u00f3n tuvo un papel determinante <strong>Kenti Robles<\/strong>, habitual titular en el lateral derecho del equipo rojiblanco.<\/p>\n<p style=\"text-align: center;\"><span style=\"color: #3366ff;\"><a style=\"color: #3366ff;\" href=\"https:\/\/www.futboltotal.com.mx\/2017\/05\/chicharito-vuelve-al-gol-bayer-leverkusen-2\/\">VER M\u00c1S: \u00a1Chicharito vuelve al gol con el Bayer Leverkusen!<\/a><\/span><\/p>\n<p>La mexicana, convocada para el amistoso del pr\u00f3ximo 10 de junio entre la selecci\u00f3n de su pa\u00eds y la de Venezuela en Monterrey, complet\u00f3 70 minutos en el decisivo partido ante la Real Sociedad antes de ser sustituida por la espa\u00f1ola Marta Corredera.<\/p>\n<p>Esta es la cuarta Liga que consigue la jugadora de Ciudad de M\u00e9xico, de 26 a\u00f1os. Antes de estrenarse con el <strong>Atl\u00e9tico de Madrid<\/strong>, <strong>Kenti Robles<\/strong> festej\u00f3 tres Ligas con el Barcelona, en los a\u00f1os 2012, 2013 y 2014.<\/p>\n<p>Adem\u00e1s, posee tres Copas de la Reina. En el a\u00f1o 2008 la gan\u00f3 con el Espanyol, en 2013 y 2014 con el Barcelona y en 2016 con su actual equipo, el Atl\u00e9tico de Madrid. EFE<\/p>\n<p style=\"text-align: center;\"><span style=\"color: #3366ff;\"><a style=\"color: #3366ff;\" href=\"https:\/\/www.futboltotal.com.mx\/2017\/05\/guido-rodriguez-sera-refuerzo-del-america\/\">VER M\u00c1S: Guido Rodr\u00edguez ser\u00e1 refuerzo del Am\u00e9rica<\/a><\/span><\/p>\n","protected":false},"excerpt":{"rendered":"<p>Esta es la cuarta Liga que consigue la jugadora de Ciudad de M\u00e9xico.<\/p>\n","protected":false},"author":144,"featured_media":479819,"comment_status":"closed","ping_status":"closed","sticky":false,"template":"","format":"standard","meta":[],"categories":[3839,2198],"tags":[6007,5506],"_links":{"self":[{"href":"http:\/\/desarrollo.grupomedios.com\/futbol\/wp-json\/wp\/v2\/posts\/479818"}],"collection":[{"href":"http:\/\/desarrollo.grupomedios.com\/futbol\/wp-json\/wp\/v2\/posts"}],"about":[{"href":"http:\/\/desarrollo.grupomedios.com\/futbol\/wp-json\/wp\/v2\/types\/post"}],"author":[{"embeddable":true,"href":"http:\/\/desarrollo.grupomedios.com\/futbol\/wp-json\/wp\/v2\/users\/144"}],"replies":[{"embeddable":true,"href":"http:\/\/desarrollo.grupomedios.com\/futbol\/wp-json\/wp\/v2\/comments?post=479818"}],"version-history":[{"count":1,"href":"http:\/\/desarrollo.grupomedios.com\/futbol\/wp-json\/wp\/v2\/posts\/479818\/revisions"}],"predecessor-version":[{"id":479820,"href":"http:\/\/desarrollo.grupomedios.com\/futbol\/wp-json\/wp\/v2\/posts\/479818\/revisions\/479820"}],"wp:featuredmedia":[{"embeddable":true,"href":"http:\/\/desarrollo.grupomedios.com\/futbol\/wp-json\/wp\/v2\/media\/479819"}],"wp:attachment":[{"href":"http:\/\/desarrollo.grupomedios.com\/futbol\/wp-json\/wp\/v2\/media?parent=479818"}],"wp:term":[{"taxonomy":"category","embeddable":true,"href":"http:\/\/desarrollo.grupomedios.com\/futbol\/wp-json\/wp\/v2\/categories?post=479818"},{"taxonomy":"post_tag","embeddable":true,"href":"http:\/\/desarrollo.grupomedios.com\/futbol\/wp-json\/wp\/v2\/tags?post=479818"}],"curies":[{"name":"wp","href":"https:\/\/api.w.org\/{rel}","templated":true}]}}