{"id":479829,"date":"2017-05-20T12:46:57","date_gmt":"2017-05-20T17:46:57","guid":{"rendered":"https:\/\/www.futboltotal.com.mx\/?p=479829"},"modified":"2017-05-20T12:48:12","modified_gmt":"2017-05-20T17:48:12","slug":"xabi-alonso-philipp-lahm-se-despiden-del-futbol-campeones","status":"publish","type":"post","link":"http:\/\/desarrollo.grupomedios.com\/futbol\/uncategorized\/xabi-alonso-philipp-lahm-se-despiden-del-futbol-campeones\/2017\/05","title":{"rendered":"Xabi Alonso y Philipp Lahm se despiden del futbol como campeones"},"content":{"rendered":"<p>El capit\u00e1n del Bayern M\u00fanich, Philipp Lahm, y el centrocampista espa\u00f1ol Xabi Alonso pusieron hoy fin a sus respectivas carreras en el partido de la Bundesliga que el equipo b\u00e1varo solvent\u00f3 con una goleada al Friburgo (4-1).<\/p>\n<p>Antes del encuentro, como se hace siempre que un jugador abandona el Bayern, Xabi Alonso y Philipp Lahm recibieron cada uno, de la directiva del Bayern, un ramo de flores y una gran foto con su imagen en alg\u00fan partido del equipo b\u00e1varo, al igual que el tercer portero Tom Starke.<\/p>\n<p>https:\/\/twitter.com\/FCBayernES\/status\/865923322185469952<\/p>\n<p>Lahm, adem\u00e1s, recibi\u00f3 una bolsa de palos de golf del presidente del club, Uli Hoeness.<\/p>\n<p>El adi\u00f3s de hoy ten\u00eda algo especial porque se marcharon dos grandes del f\u00fatbol europeo.<\/p>\n<p>Lahm ha marcado la \u00faltima d\u00e9cada del Bayern y del f\u00fatbol alem\u00e1n, mientras que Xabi Alonso ha sido clave para el equipo b\u00e1varo en los \u00faltimos tres a\u00f1os despu\u00e9s de haber ganado -con el Liverpool, el Real Madrid y la selecci\u00f3n espa\u00f1ola- todos los t\u00edtulos posibles.<\/p>\n<p style=\"text-align: center;\"><span style=\"color: #3366ff;\"><a style=\"color: #3366ff;\" href=\"https:\/\/www.futboltotal.com.mx\/2017\/05\/guido-rodriguez-sera-refuerzo-del-america\/\">VER M\u00c1S: Guido Rodr\u00edguez ser\u00e1 refuerzo del Am\u00e9rica<\/a><\/span><\/p>\n<blockquote class=\"twitter-tweet\" data-width=\"500\">\n<p lang=\"es\" dir=\"ltr\"><a href=\"https:\/\/twitter.com\/XabiAlonso\">@XabiAlonso<\/a> \u00a1Te vamos a echar de menos, Philipp! <a href=\"https:\/\/twitter.com\/hashtag\/DankePhilipp?src=hash\">#DankePhilipp<\/a> <a href=\"https:\/\/twitter.com\/philipplahm\">@philipplahm<\/a> <a href=\"https:\/\/t.co\/SELYYhFmYH\">pic.twitter.com\/SELYYhFmYH<\/a><\/p>\n<p>&mdash; FC Bayern Espa\u00f1ol (@FCBayernES) <a href=\"https:\/\/twitter.com\/FCBayernES\/status\/865923827695484928\">May 20, 2017<\/a><\/p><\/blockquote>\n<p><script async src=\"\/\/platform.twitter.com\/widgets.js\" charset=\"utf-8\"><\/script><\/p>\n<p>En su \u00faltimo partido, inici\u00f3 la jugada del primer gol del Bayern, marcado por Arjen Robben.<\/p>\n<p>En el minuto 86, Lahm fue sustituido para que recibiera el aplauso del p\u00fablico y le entreg\u00f3 el brazalete de capit\u00e1n a Thomas M\u00fcller. A \u00e9ste le pareci\u00f3 que la ovaci\u00f3n no era suficiente y le pidi\u00f3 al p\u00fablico con un gesto que aplaudiera m\u00e1s.<\/p>\n<p>Antes, <strong>Xabi Alonso<\/strong> hab\u00eda dejado el campo en medio de una gran ovaci\u00f3n y fue directamente a abrazar a su entrenador Carlo Ancelotti, con quien se reencontr\u00f3 en el Bayern tras haber estado ya con \u00e9l en el Real Madrid.<\/p>\n<p>Al final, <strong>Lahm y Xabi Alonso<\/strong> dieron una vuelta al campo -cada uno en una direcci\u00f3n- para saludar a los aficionados. EFE<\/p>\n","protected":false},"excerpt":{"rendered":"<p>Los jugadores fueron homenajeados previo al partido.<\/p>\n","protected":false},"author":144,"featured_media":479830,"comment_status":"closed","ping_status":"closed","sticky":false,"template":"","format":"standard","meta":[],"categories":[3839,1],"tags":[2056,3757,1618],"_links":{"self":[{"href":"http:\/\/desarrollo.grupomedios.com\/futbol\/wp-json\/wp\/v2\/posts\/479829"}],"collection":[{"href":"http:\/\/desarrollo.grupomedios.com\/futbol\/wp-json\/wp\/v2\/posts"}],"about":[{"href":"http:\/\/desarrollo.grupomedios.com\/futbol\/wp-json\/wp\/v2\/types\/post"}],"author":[{"embeddable":true,"href":"http:\/\/desarrollo.grupomedios.com\/futbol\/wp-json\/wp\/v2\/users\/144"}],"replies":[{"embeddable":true,"href":"http:\/\/desarrollo.grupomedios.com\/futbol\/wp-json\/wp\/v2\/comments?post=479829"}],"version-history":[{"count":2,"href":"http:\/\/desarrollo.grupomedios.com\/futbol\/wp-json\/wp\/v2\/posts\/479829\/revisions"}],"predecessor-version":[{"id":479832,"href":"http:\/\/desarrollo.grupomedios.com\/futbol\/wp-json\/wp\/v2\/posts\/479829\/revisions\/479832"}],"wp:featuredmedia":[{"embeddable":true,"href":"http:\/\/desarrollo.grupomedios.com\/futbol\/wp-json\/wp\/v2\/media\/479830"}],"wp:attachment":[{"href":"http:\/\/desarrollo.grupomedios.com\/futbol\/wp-json\/wp\/v2\/media?parent=479829"}],"wp:term":[{"taxonomy":"category","embeddable":true,"href":"http:\/\/desarrollo.grupomedios.com\/futbol\/wp-json\/wp\/v2\/categories?post=479829"},{"taxonomy":"post_tag","embeddable":true,"href":"http:\/\/desarrollo.grupomedios.com\/futbol\/wp-json\/wp\/v2\/tags?post=479829"}],"curies":[{"name":"wp","href":"https:\/\/api.w.org\/{rel}","templated":true}]}}