{"id":479840,"date":"2017-05-20T15:41:18","date_gmt":"2017-05-20T20:41:18","guid":{"rendered":"https:\/\/www.futboltotal.com.mx\/?p=479840"},"modified":"2017-05-20T16:07:00","modified_gmt":"2017-05-20T21:07:00","slug":"se-complica-pase-aviles-hurtado-al-america","status":"publish","type":"post","link":"http:\/\/desarrollo.grupomedios.com\/futbol\/destacado-home\/se-complica-pase-aviles-hurtado-al-america\/2017\/05","title":{"rendered":"Se complica el pase de Avil\u00e9s Hurtado al Am\u00e9rica"},"content":{"rendered":"<p>Aunque hace unos d\u00edas se daba por hecho la llegada de <strong>Avil\u00e9s Hurtado<\/strong> al <strong>Am\u00e9rica<\/strong>, parece que todo estar\u00eda dando un giro.<\/p>\n<p>El jugador de <strong>Xolos<\/strong> ya no estar\u00eda tan seguro en las<em> \u00c1guilas<\/em>, pues seg\u00fan informa el <em>Diario R\u00e9cord<\/em>, la familia del jugador no se siente c\u00f3moda para mudarse a la Ciudad de M\u00e9xico y Miguel Herrera ya estar\u00eda enterado.<\/p>\n<p style=\"text-align: center;\"><span style=\"color: #3366ff;\"><a style=\"color: #3366ff;\" href=\"https:\/\/www.futboltotal.com.mx\/2017\/05\/guido-rodriguez-sera-refuerzo-del-america\/\">VER M\u00c1S: Guido Rodr\u00edguez ser\u00e1 refuerzo del Am\u00e9rica<\/a><\/span><\/p>\n<p>Otro de los motivos por los que <strong>Avil\u00e9s<\/strong> no llegar\u00eda al <strong>Am\u00e9rica<\/strong> es por lo econ\u00f3mico, pues el Monterrey ha ofrecido m\u00e1s dinero por el jugador colombiano, por lo que habr\u00eda aumentado su valor de ocho a diez millones de d\u00f3lares, mismos que los de Tijuana hab\u00edan pedido a los <em>azulcremas<\/em> y \u00e9stos no quer\u00edan darlos.<\/p>\n<p>\u00c9sta ser\u00eda la segunda ocasi\u00f3n que las <em>\u00c1guilas<\/em> buscan contratar al atacante de <strong>Xolos<\/strong> sin obtener \u00e9xito. Hace seis meses, con Ricardo La Volpe en el banquillo, pidieron hacerse de los servicios de Hurtado; sin embargo, la cantidad solicitada impidi\u00f3 su llegada y, tiempo despu\u00e9s, se sum\u00f3 la versi\u00f3n de que el jugador se negaba a abandonar Tijuana.<\/p>\n<p style=\"text-align: center;\"><span style=\"color: #3366ff;\"><a style=\"color: #3366ff;\" href=\"https:\/\/www.futboltotal.com.mx\/2017\/05\/aficion-jaguares-dejo-manta-agresiva-sergio-bueno\/\">VER M\u00c1S: Afici\u00f3n de Jaguares dej\u00f3 manta agresiva para Sergio Bueno<\/a><\/span><\/p>\n<p>Aunque se hablaba de un preacuerdo, que el Piojo ya ten\u00eda con Jorgealberto Hank, due\u00f1o de Tijuana, para poder llevarse al extremo que se ha lucido esta temporada en Xolos con ocho goles, todo parece indicar que el empresario buscar\u00e1 al mejor postor para <strong>Avil\u00e9s<\/strong>.<\/p>\n<p>Esto abre la posibilidad para que Herrera, una vez que llegue al Nido, siga en b\u00fasqueda de un elemento ofensivo de caracter\u00edsticas similares al colombiano, que le han sugerido desde la c\u00fapula americanista. Aunque no se descarta un \u00faltimo intento tanto monetario como verbal para convencerlo.<\/p>\n<p style=\"text-align: center;\"><span style=\"color: #3366ff;\"><a style=\"color: #3366ff;\" href=\"https:\/\/www.futboltotal.com.mx\/2017\/05\/pique-explota-contra-la-prensa-creara-nuevo-medio-comunicacion\/\">VER M\u00c1S: \u00a1Piqu\u00e9 explota contra la prensa y crear\u00e1 nuevo medio de comunicaci\u00f3n!<\/a><\/span><\/p>\n<p><em>*Con informaci\u00f3n del Diario R\u00e9cord<\/em><\/p>\n","protected":false},"excerpt":{"rendered":"<p>Avil\u00e9s podr\u00eda llegar a otro club de la Liga MX.<\/p>\n","protected":false},"author":20,"featured_media":479841,"comment_status":"closed","ping_status":"closed","sticky":false,"template":"","format":"standard","meta":[],"categories":[5,2198,3845],"tags":[5959,2069,64,5974,1673],"_links":{"self":[{"href":"http:\/\/desarrollo.grupomedios.com\/futbol\/wp-json\/wp\/v2\/posts\/479840"}],"collection":[{"href":"http:\/\/desarrollo.grupomedios.com\/futbol\/wp-json\/wp\/v2\/posts"}],"about":[{"href":"http:\/\/desarrollo.grupomedios.com\/futbol\/wp-json\/wp\/v2\/types\/post"}],"author":[{"embeddable":true,"href":"http:\/\/desarrollo.grupomedios.com\/futbol\/wp-json\/wp\/v2\/users\/20"}],"replies":[{"embeddable":true,"href":"http:\/\/desarrollo.grupomedios.com\/futbol\/wp-json\/wp\/v2\/comments?post=479840"}],"version-history":[{"count":1,"href":"http:\/\/desarrollo.grupomedios.com\/futbol\/wp-json\/wp\/v2\/posts\/479840\/revisions"}],"predecessor-version":[{"id":479842,"href":"http:\/\/desarrollo.grupomedios.com\/futbol\/wp-json\/wp\/v2\/posts\/479840\/revisions\/479842"}],"wp:featuredmedia":[{"embeddable":true,"href":"http:\/\/desarrollo.grupomedios.com\/futbol\/wp-json\/wp\/v2\/media\/479841"}],"wp:attachment":[{"href":"http:\/\/desarrollo.grupomedios.com\/futbol\/wp-json\/wp\/v2\/media?parent=479840"}],"wp:term":[{"taxonomy":"category","embeddable":true,"href":"http:\/\/desarrollo.grupomedios.com\/futbol\/wp-json\/wp\/v2\/categories?post=479840"},{"taxonomy":"post_tag","embeddable":true,"href":"http:\/\/desarrollo.grupomedios.com\/futbol\/wp-json\/wp\/v2\/tags?post=479840"}],"curies":[{"name":"wp","href":"https:\/\/api.w.org\/{rel}","templated":true}]}}