{"id":479859,"date":"2017-05-20T17:27:51","date_gmt":"2017-05-20T22:27:51","guid":{"rendered":"https:\/\/www.futboltotal.com.mx\/?p=479859"},"modified":"2017-05-20T18:46:19","modified_gmt":"2017-05-20T23:46:19","slug":"premio-ganaria-malaga-real-madrid-gana-la-liga","status":"publish","type":"post","link":"http:\/\/desarrollo.grupomedios.com\/futbol\/futbol-internacional\/premio-ganaria-malaga-real-madrid-gana-la-liga\/2017\/05","title":{"rendered":"\u00a1El premio que tendr\u00eda M\u00e1laga, si Real Madrid gana la Liga!"},"content":{"rendered":"<p><strong>Real Madrid<\/strong> y <strong>M\u00e1laga<\/strong> se enfrentan en la \u00faltima jornada de la Liga de Espa\u00f1a, donde los <em>merengues<\/em> necesitan empatar o ganar para consagrarse campeones del torneo ib\u00e9rico. La misi\u00f3n parece sencilla, no solo por el nivel del equipo blanco, sino por el beneficio que obtendr\u00eda su rival por ver a los dirigidos por Zinedine Zidane, conquistar el t\u00edtulo.<\/p>\n<p>De acuerdo al diario<em> Sport<\/em>, cuando <strong>Real Madrid<\/strong> se hizo de los servicios de Isco, procedente del <strong>M\u00e1laga<\/strong> por 27 millones de euros, los clubes hab\u00edan acordado en el contrato, que si el futbolista espa\u00f1ol consegu\u00eda un t\u00edtulo de Liga con los merengues, la directiva blanca abonar\u00eda un mill\u00f3n de euros m\u00e1s.<\/p>\n<p style=\"text-align: center;\"><span style=\"color: #3366ff;\"><a style=\"color: #3366ff;\" href=\"https:\/\/www.futboltotal.com.mx\/2017\/05\/rayados-enfrentaria-a-juventus-en-pretemporada\/\" target=\"_blank\" rel=\"noopener noreferrer\"><strong>VER M\u00c1S: Rayados enfrentar\u00eda a Juventus en pretemporada<\/strong><\/a><\/span><\/p>\n<p>El contrato no estipula en cu\u00e1nto tiempo tendr\u00eda que ser campe\u00f3n Isco con <strong>Real Madrid<\/strong>, por lo que, a pesar de que el jugador tiene tres a\u00f1os con los capitalinos, el <strong>M\u00e1laga<\/strong> tendr\u00eda una raz\u00f3n importante, para no ganar el partido; pues en caso de vencer a los merengues y que el resultados se combinara con victoria del Barcelona, el t\u00edtulo ser\u00eda <em>blaugrana<\/em>.<\/p>\n<p style=\"text-align: center;\"><span style=\"color: #3366ff;\"><a style=\"color: #3366ff;\" href=\"https:\/\/www.futboltotal.com.mx\/2017\/05\/se-complica-pase-aviles-hurtado-al-america\/\" target=\"_blank\" rel=\"noopener noreferrer\"><strong>VER M\u00c1S: Avil\u00e9s Hurtado ya no jugar\u00eda con Am\u00e9rica<\/strong><\/a><\/span><\/p>\n<p><a href=\"https:\/\/www.futboltotal.com.mx\/wp-content\/uploads\/2017\/05\/real-madrid-malaga.jpg\"><img decoding=\"async\" loading=\"lazy\" class=\"alignnone size-full wp-image-479861\" src=\"https:\/\/www.futboltotal.com.mx\/wp-content\/uploads\/2017\/05\/real-madrid-malaga.jpg\" alt=\"\u00a1El premio que tendr\u00eda M\u00e1laga, si Real Madrid gana la Liga! 0\" srcset=\"http:\/\/desarrollo.grupomedios.com\/futbol\/wp-content\/uploads\/2017\/05\/real-madrid-malaga.jpg 1136w, http:\/\/desarrollo.grupomedios.com\/futbol\/wp-content\/uploads\/2017\/05\/real-madrid-malaga-300x169.jpg 300w, http:\/\/desarrollo.grupomedios.com\/futbol\/wp-content\/uploads\/2017\/05\/real-madrid-malaga-768x432.jpg 768w, http:\/\/desarrollo.grupomedios.com\/futbol\/wp-content\/uploads\/2017\/05\/real-madrid-malaga-1024x576.jpg 1024w, http:\/\/desarrollo.grupomedios.com\/futbol\/wp-content\/uploads\/2017\/05\/real-madrid-malaga-317x178.jpg 317w, http:\/\/desarrollo.grupomedios.com\/futbol\/wp-content\/uploads\/2017\/05\/real-madrid-malaga-535x301.jpg 535w, http:\/\/desarrollo.grupomedios.com\/futbol\/wp-content\/uploads\/2017\/05\/real-madrid-malaga-374x210.jpg 374w\" sizes=\"(max-width: 1136px) 100vw, 1136px\" \/><\/a><\/p>\n<p style=\"text-align: center;\"><span style=\"color: #3366ff;\"><a style=\"color: #3366ff;\" href=\"https:\/\/www.futboltotal.com.mx\/2017\/05\/tiembla-el-ajax-zlatan-ibrahimovic-estaria-en-la-final\/\" target=\"_blank\" rel=\"noopener noreferrer\"><strong>VER M\u00c1S: \u00a1Incre\u00edble! Zlatan dice estar listo para Final de Europa League<\/strong><\/a><\/span><\/p>\n<p>S\u00edguenos en Twitter: <a href=\"https:\/\/twitter.com\/MXFutbolTotal\" target=\"_blank\" rel=\"noopener noreferrer\">@MXFutbolTotal<\/a><\/p>\n","protected":false},"excerpt":{"rendered":"<p>Estos clubes se enfrentan en la \u00faltima jornada y los malague\u00f1os tendr\u00edan un beneficio.<\/p>\n","protected":false},"author":20,"featured_media":479860,"comment_status":"closed","ping_status":"closed","sticky":false,"template":"","format":"standard","meta":[],"categories":[3839,3844],"tags":[6214,306,5988],"_links":{"self":[{"href":"http:\/\/desarrollo.grupomedios.com\/futbol\/wp-json\/wp\/v2\/posts\/479859"}],"collection":[{"href":"http:\/\/desarrollo.grupomedios.com\/futbol\/wp-json\/wp\/v2\/posts"}],"about":[{"href":"http:\/\/desarrollo.grupomedios.com\/futbol\/wp-json\/wp\/v2\/types\/post"}],"author":[{"embeddable":true,"href":"http:\/\/desarrollo.grupomedios.com\/futbol\/wp-json\/wp\/v2\/users\/20"}],"replies":[{"embeddable":true,"href":"http:\/\/desarrollo.grupomedios.com\/futbol\/wp-json\/wp\/v2\/comments?post=479859"}],"version-history":[{"count":2,"href":"http:\/\/desarrollo.grupomedios.com\/futbol\/wp-json\/wp\/v2\/posts\/479859\/revisions"}],"predecessor-version":[{"id":479874,"href":"http:\/\/desarrollo.grupomedios.com\/futbol\/wp-json\/wp\/v2\/posts\/479859\/revisions\/479874"}],"wp:featuredmedia":[{"embeddable":true,"href":"http:\/\/desarrollo.grupomedios.com\/futbol\/wp-json\/wp\/v2\/media\/479860"}],"wp:attachment":[{"href":"http:\/\/desarrollo.grupomedios.com\/futbol\/wp-json\/wp\/v2\/media?parent=479859"}],"wp:term":[{"taxonomy":"category","embeddable":true,"href":"http:\/\/desarrollo.grupomedios.com\/futbol\/wp-json\/wp\/v2\/categories?post=479859"},{"taxonomy":"post_tag","embeddable":true,"href":"http:\/\/desarrollo.grupomedios.com\/futbol\/wp-json\/wp\/v2\/tags?post=479859"}],"curies":[{"name":"wp","href":"https:\/\/api.w.org\/{rel}","templated":true}]}}