{"id":479870,"date":"2017-05-20T18:42:54","date_gmt":"2017-05-20T23:42:54","guid":{"rendered":"https:\/\/www.futboltotal.com.mx\/?p=479870"},"modified":"2017-05-20T18:47:24","modified_gmt":"2017-05-20T23:47:24","slug":"inter-milan-barcelona-miguel-layun","status":"publish","type":"post","link":"http:\/\/desarrollo.grupomedios.com\/futbol\/destacado-home\/inter-milan-barcelona-miguel-layun\/2017\/05","title":{"rendered":"\u00bfInter de Milan o Barcelona, el futuro de Miguel Lay\u00fan?"},"content":{"rendered":"<p><strong>Miguel Lay\u00fan<\/strong> tiene diferencias con la directiva del Porto y con el actual estratega del club, Nuno Esp\u00edritu Santo, por lo que es inminente su salida del conjunto <em>Drag\u00f3n<\/em>, para el mercado de fichajes del verano 2017. Para fortuna del mexicano, parece que hay dos gigantes de Europa, que lo buscan: <strong>Inter de Mil\u00e1n<\/strong> y el <strong>Barcelona<\/strong>.<\/p>\n<p>De acuerdo al portal de <em>Mundo Deportivo<\/em>, <strong>Barcelona<\/strong> se est\u00e1 arrepintiendo por haber dejado ir a Dani Alves, por tanto ya busca a un nuevo lateral para la temporada 2017-18; su principal objetivo es Ricardo Rodr\u00edguez, pero en caso de no poder fichar al suizo, <strong>Miguel Lay\u00fan<\/strong> es el segundo en la lista, para arribar a tierras catalanas.<\/p>\n<p style=\"text-align: center;\"><span style=\"color: #3366ff;\"><a style=\"color: #3366ff;\" href=\"https:\/\/www.futboltotal.com.mx\/2017\/05\/pese-al-descenso-granada-compensa-a-guillermo-ochoa-premio\/\" target=\"_blank\" rel=\"noopener noreferrer\"><strong>VER M\u00c1S: Pese al descenso, Granada recompensa a Guillermo Ochoa<\/strong><\/a><\/span><\/p>\n<p><a href=\"https:\/\/www.futboltotal.com.mx\/wp-content\/uploads\/2017\/05\/mundo-deportivo.png\"><img decoding=\"async\" loading=\"lazy\" class=\"size-full wp-image-479871 aligncenter\" src=\"https:\/\/www.futboltotal.com.mx\/wp-content\/uploads\/2017\/05\/mundo-deportivo.png\" alt=\"\u00bfInter de Milan o Barcelona, el futuro de Miguel Lay\u00fan? 0\" srcset=\"http:\/\/desarrollo.grupomedios.com\/futbol\/wp-content\/uploads\/2017\/05\/mundo-deportivo.png 640w, http:\/\/desarrollo.grupomedios.com\/futbol\/wp-content\/uploads\/2017\/05\/mundo-deportivo-300x100.png 300w\" sizes=\"(max-width: 640px) 100vw, 640px\" \/><\/a><\/p>\n<p>Adem\u00e1s, se especula que el otro club que est\u00e1 esperando que <strong>Miguel Lay\u00fan<\/strong> salga de Porto, es el Inter de Mil\u00e1n, por lo que el club italiano, saldr\u00eda en busca de querer ficharlo, sobre todo si <strong>Barcelona<\/strong> no se interesa por \u00e9l, o si concreta el fichaje por Ricardo Rodr\u00edguez.<\/p>\n<p style=\"text-align: center;\"><span style=\"color: #3366ff;\"><a style=\"color: #3366ff;\" href=\"https:\/\/www.futboltotal.com.mx\/2017\/05\/rayados-enfrentaria-a-juventus-en-pretemporada\/\" target=\"_blank\" rel=\"noopener noreferrer\"><strong>VER M\u00c1S: Rayados jugar\u00eda frente a Juventus<\/strong><\/a><\/span><\/p>\n<p>El nivel que <strong>Miguel Lay\u00fan<\/strong> muestre en la Copa Confederaciones, podr\u00eda resultar como la labor de convencimiento de parte del lateral, para que Inter de Mil\u00e1n o Barcelona, se decidan por ficharlo.<\/p>\n<p style=\"text-align: center;\"><span style=\"color: #3366ff;\"><a style=\"color: #3366ff;\" href=\"https:\/\/www.futboltotal.com.mx\/2017\/05\/cruz-azul-buscaria-robarle-dos-fichajes-al-america\/\" target=\"_blank\" rel=\"noopener noreferrer\"><strong>VER M\u00c1S: Cruz Azul quiere robarle dos fichajes al Am\u00e9rica<\/strong><\/a><\/span><\/p>\n<p>S\u00edguenos en Twitter: <a href=\"https:\/\/twitter.com\/MXFutbolTotal\" target=\"_blank\" rel=\"noopener noreferrer\">@MXFutbolTotal<\/a><\/p>\n","protected":false},"excerpt":{"rendered":"<p>Afirman que el lateral mexicano es buscado por dos grandes de Europa.<\/p>\n","protected":false},"author":20,"featured_media":479872,"comment_status":"closed","ping_status":"closed","sticky":false,"template":"","format":"standard","meta":[],"categories":[5,3839,3844,3848,6718],"tags":[6214,1035],"_links":{"self":[{"href":"http:\/\/desarrollo.grupomedios.com\/futbol\/wp-json\/wp\/v2\/posts\/479870"}],"collection":[{"href":"http:\/\/desarrollo.grupomedios.com\/futbol\/wp-json\/wp\/v2\/posts"}],"about":[{"href":"http:\/\/desarrollo.grupomedios.com\/futbol\/wp-json\/wp\/v2\/types\/post"}],"author":[{"embeddable":true,"href":"http:\/\/desarrollo.grupomedios.com\/futbol\/wp-json\/wp\/v2\/users\/20"}],"replies":[{"embeddable":true,"href":"http:\/\/desarrollo.grupomedios.com\/futbol\/wp-json\/wp\/v2\/comments?post=479870"}],"version-history":[{"count":1,"href":"http:\/\/desarrollo.grupomedios.com\/futbol\/wp-json\/wp\/v2\/posts\/479870\/revisions"}],"predecessor-version":[{"id":479873,"href":"http:\/\/desarrollo.grupomedios.com\/futbol\/wp-json\/wp\/v2\/posts\/479870\/revisions\/479873"}],"wp:featuredmedia":[{"embeddable":true,"href":"http:\/\/desarrollo.grupomedios.com\/futbol\/wp-json\/wp\/v2\/media\/479872"}],"wp:attachment":[{"href":"http:\/\/desarrollo.grupomedios.com\/futbol\/wp-json\/wp\/v2\/media?parent=479870"}],"wp:term":[{"taxonomy":"category","embeddable":true,"href":"http:\/\/desarrollo.grupomedios.com\/futbol\/wp-json\/wp\/v2\/categories?post=479870"},{"taxonomy":"post_tag","embeddable":true,"href":"http:\/\/desarrollo.grupomedios.com\/futbol\/wp-json\/wp\/v2\/tags?post=479870"}],"curies":[{"name":"wp","href":"https:\/\/api.w.org\/{rel}","templated":true}]}}