{"id":479910,"date":"2017-05-21T12:20:50","date_gmt":"2017-05-21T17:20:50","guid":{"rendered":"https:\/\/www.futboltotal.com.mx\/?p=479910"},"modified":"2017-05-21T15:02:35","modified_gmt":"2017-05-21T20:02:35","slug":"en-vivo-malaga-vs-real-madrid-liga-espana-jornada-38","status":"publish","type":"post","link":"http:\/\/desarrollo.grupomedios.com\/futbol\/futbol-internacional\/en-vivo-malaga-vs-real-madrid-liga-espana-jornada-38\/2017\/05","title":{"rendered":"AS\u00cd SE VIVI\u00d3 | M\u00e1laga 0-2 Real Madrid | \u00a1Merengues, campeones!"},"content":{"rendered":"<p style=\"text-align: center;\"><span style=\"color: #3366ff;\"><a style=\"color: #3366ff;\" href=\"https:\/\/en-vivo.futboltotal.com.mx\/partido\/malaga-vs-real-madrid-liga-de-espana-jornada-38\/101\/\" target=\"_blank\" rel=\"noopener noreferrer\">DA CLICK AQU\u00cd Y SIGUE EN VIVO EL M\u00c1LAGA VS REAL MADRID ESTE DOMINGO A LAS 13:00 HRS.<\/a><\/span><\/p>\n<p>El estadio de La Rosaleda ejercer\u00e1 este domingo como juez de la liga Espa\u00f1ola en un duelo que acapara<br \/>\ntoda la atenci\u00f3n y la emoci\u00f3n en la \u00faltima jornada, en la que el <strong>Real Madrid<\/strong> se juega el t\u00edtulo liguero, para lo que basta un empate, y el <strong>M\u00e1laga<\/strong>, la honra de demostrar su profesionalidad.<\/p>\n<p>De Tenerife a <strong>M\u00e1laga<\/strong>. De lo vivido dos temporadas consecutivas en 1992 y 1993 en el Heliodoro Rodr\u00edguez L\u00f3pez, con dos Ligas que dej\u00f3 escapar el <strong>Real Madrid<\/strong> y tomaron rumbo a Barcelona, a La Rosaleda con la misma situaci\u00f3n de tener en su mano la resoluci\u00f3n del pulso por el trono liguero. Dos madridistas en los banquillos. De Jorge Valdano a Jos\u00e9 Miguel Gonz\u00e1lez &#8216;M\u00edchel&#8217;, ahora t\u00e9cnico del M\u00e1laga. El morbo est\u00e1 asegurado.<\/p>\n<p><span style=\"color: #3366ff;\"><a style=\"color: #3366ff;\" href=\"https:\/\/en-vivo.futboltotal.com.mx\/partido\/malaga-vs-real-madrid-liga-de-espana-jornada-38\/101\/\" target=\"_blank\" rel=\"noopener noreferrer\">DA CLICK AQU\u00cd Y SIGUE EN VIVO EL M\u00c1LAGA VS REAL MADRID ESTE DOMINGO A LAS 13:00 HRS.<\/a><\/span><\/p>\n<p>Son dolorosos recuerdos del pasado de los que huye el actual <strong>Real Madrid<\/strong> de Zinedine Zidane. Con mentalidad ganadora, sin especular con el resultado. Lanzado en el momento decisivo de la temporada, con r\u00e9cord de partidos consecutivos marcando, su mejor temporada a domicilio y m\u00e1s goles incluso lejos del Santiago Bernab\u00e9u (56 tantos por los 48 de local).<\/p>\n<p>El <strong>M\u00e1laga<\/strong>, que est\u00e1 en su mejor momento de una campa\u00f1a irregular, quiere asegurarse su und\u00e9cima plaza actual y, con independencia de las consecuencias que pudiera tener para terceros, ganar el partido y prolongar su racha de una sola derrota en diez partidos, sobre todo para acallar los comentarios y suspicacias que han surgido ante el madridismo de su t\u00e9cnico, Jos\u00e9 Miguel Gonz\u00e1lez &#8216;M\u00edchel&#8217;.<\/p>\n<p>Sin nada en juego, pero picados en su orgullo, los malaguistas pretenden competir de t\u00fa a t\u00fa y pon\u00e9rselo dif\u00edcil al todopoderoso <strong>Real Madrid<\/strong>, en especial para dejar clara su profesionalidad, por lo que la idea es jugar con intensidad, la misma con la que han afrontado la buena recta final de Liga que han protagonizado con M\u00edchel.<\/p>\n<p>El pasado madridista de su entrenador y de varios jugadores como Luis Hern\u00e1ndez, Juan Carlos P\u00e9rez, Miguel Torres y Diego Llorente ha levantado muchas suspicacias, sobre todo desde Barcelona, al estar implicados los azulgranas en esta dura lucha por el t\u00edtulo liguero.<\/p>\n<p>Los antecedentes no son muy halag\u00fce\u00f1os para el <strong>M\u00e1laga<\/strong>, pues en sus quince duelos contra el Madrid s\u00f3lo le gan\u00f3 una vez como local (3-2) y fue en 2012 con el chileno Manuel Pellegrini en el banquillo, mientras que empat\u00f3 cinco partidos, el m\u00e1s reciente por 1-1 la pasada temporada, y perdi\u00f3 nueve, algunos de ellos por goleada.<\/p>\n<p>M\u00edchel recupera al centrocampista Ignacio Camacho, una vez cumplida su sanci\u00f3n, pero tiene la baja del central Diego Llorente, cedido por el <strong>Real Madrid<\/strong> y que por contrato no puede jugar. Se perfila como sustituto el argentino Mart\u00edn Demichelis, que ha anunciado su retirada despu\u00e9s de este choque, o el venezolano Mikel Villanueva, que lleva varias semanas sin jugar.<\/p>\n<p><strong>&#8211; Alineaciones probables:<\/strong><\/p>\n<p><strong>M\u00e1laga:<\/strong> Kameni; Torres, Demichelis o Villanueva, Luis Hern\u00e1ndez, Ricca; Keko, Camacho, Recio, Juan Carlos; Fornals y Sandro.<\/p>\n<p><strong>Real Madrid:<\/strong> Keylor Navas; Danilo o Nacho, Varane, Sergio Ramos, Marcelo; Casemiro, Kroos, Modric, Isco; Cristiano Ronaldo y Benzema.<\/p>\n<p>\u00c1rbitro: Ricardo de Burgos Bengoetxea (Comit\u00e9 Vasco).<\/p>\n<p>Estadio: La Rosaleda.<\/p>\n","protected":false},"excerpt":{"rendered":"<p>El Real Madrid depende de s\u00ed mismo para lograr el ansiado t\u00edtulo de Liga.<\/p>\n","protected":false},"author":20,"featured_media":479997,"comment_status":"closed","ping_status":"closed","sticky":false,"template":"","format":"standard","meta":[],"categories":[3839,3844],"tags":[1913,306,5988],"_links":{"self":[{"href":"http:\/\/desarrollo.grupomedios.com\/futbol\/wp-json\/wp\/v2\/posts\/479910"}],"collection":[{"href":"http:\/\/desarrollo.grupomedios.com\/futbol\/wp-json\/wp\/v2\/posts"}],"about":[{"href":"http:\/\/desarrollo.grupomedios.com\/futbol\/wp-json\/wp\/v2\/types\/post"}],"author":[{"embeddable":true,"href":"http:\/\/desarrollo.grupomedios.com\/futbol\/wp-json\/wp\/v2\/users\/20"}],"replies":[{"embeddable":true,"href":"http:\/\/desarrollo.grupomedios.com\/futbol\/wp-json\/wp\/v2\/comments?post=479910"}],"version-history":[{"count":9,"href":"http:\/\/desarrollo.grupomedios.com\/futbol\/wp-json\/wp\/v2\/posts\/479910\/revisions"}],"predecessor-version":[{"id":480017,"href":"http:\/\/desarrollo.grupomedios.com\/futbol\/wp-json\/wp\/v2\/posts\/479910\/revisions\/480017"}],"wp:featuredmedia":[{"embeddable":true,"href":"http:\/\/desarrollo.grupomedios.com\/futbol\/wp-json\/wp\/v2\/media\/479997"}],"wp:attachment":[{"href":"http:\/\/desarrollo.grupomedios.com\/futbol\/wp-json\/wp\/v2\/media?parent=479910"}],"wp:term":[{"taxonomy":"category","embeddable":true,"href":"http:\/\/desarrollo.grupomedios.com\/futbol\/wp-json\/wp\/v2\/categories?post=479910"},{"taxonomy":"post_tag","embeddable":true,"href":"http:\/\/desarrollo.grupomedios.com\/futbol\/wp-json\/wp\/v2\/tags?post=479910"}],"curies":[{"name":"wp","href":"https:\/\/api.w.org\/{rel}","templated":true}]}}