{"id":479951,"date":"2017-05-21T09:41:54","date_gmt":"2017-05-21T14:41:54","guid":{"rendered":"https:\/\/www.futboltotal.com.mx\/?p=479951"},"modified":"2017-05-21T09:42:42","modified_gmt":"2017-05-21T14:42:42","slug":"jurgen-damm-en-la-mira-sunderland-inglaterra","status":"publish","type":"post","link":"http:\/\/desarrollo.grupomedios.com\/futbol\/futbol-mexicano\/jurgen-damm-en-la-mira-sunderland-inglaterra\/2017\/05","title":{"rendered":"J\u00fcrgen Damm est\u00e1 en la mira de un club de Inglaterra"},"content":{"rendered":"<p>El extremo mexicano <strong>J\u00fcrgen Damm<\/strong>, actual figura de los <strong>Tigres<\/strong>, en los \u00faltimos a\u00f1os ha sido vinculado con distintos clubes del futbol europeo\u00a0y con el mercado de fichajes veraniego a la vuelta de la esquina una vez m\u00e1s se menciona a un equipo\u00a0del Viejo Continente como posible futuro del veloz jugador, esta vez directo del <strong>futbol ingl\u00e9s<\/strong>.<\/p>\n<p>Luego de que <strong>Damm<\/strong> ha estado en la \u00f3rbita de distintos equipos como Bayer Leverkusen y Borussia Dortmund en Alemania, la Roma en Italia, el PSV Eindhoven de Holanda\u00a0o el Paris Saint-Germain de Francia, mientras el futbolista pelea con Tigres por el t\u00edtulo del <strong>Clausura 2017<\/strong> \u00a0por otro lado se dice que\u00a0el <strong>Sunderland<\/strong> quiere ficharlo.<\/p>\n<p style=\"text-align: center;\"><span style=\"color: #333399;\">VER M\u00c1S: \u00bfInter de Mil\u00e1n o Barcelona, el futuro de Miguel Lay\u00fan?<\/span><\/p>\n<p>De acuerdo al portal Medio Tiempo, el ex jugador de Pachuca y Estudiantes Tecos est\u00e1 entre la lista de candidatos a reforzar a los <strong><em>Black Cats<\/em><\/strong>, dirigidos por el escoc\u00e9s <strong>David Moyes<\/strong>.<\/p>\n<p>Sin embargo, el <strong>Sunderland<\/strong>, que actualmente juega en la <strong>Premier League<\/strong>, desde hace unas semanas perdi\u00f3 la categor\u00eda al no poder evitar el descenso a la <strong>EFL Championship<\/strong>, lo que significa que Damm jugar\u00eda en la <strong>Segunda Divisi\u00f3n de Inglaterra<\/strong>.<\/p>\n<p style=\"text-align: center;\"><span style=\"color: #333399;\">VER M\u00c1S: Capitanes del Atl\u00e9tico de Madrid llegar\u00e1n a San Luis<\/span><\/p>\n<p>Incluso, este equipo esperar\u00eda que Damm sea convocado por <strong>Juan Carlos Osorio<\/strong> con la <strong>Selecci\u00f3n Mexicana<\/strong> para jugar <strong>Copa Confederaciones 2017<\/strong> como una de las condiciones para ficharlo, lo cu\u00e1l es muy probable que suceda, pero no hace que<strong> Sunderland<\/strong> luzca como la mejor opci\u00f3n para que el jugador de <strong>Tigres<\/strong> decida dar el salto a Europa.<\/p>\n<p style=\"text-align: center;\"><span style=\"color: #333399;\">VER M\u00c1S: Cruz Azul busca robarle dos fichajes al Am\u00e9rica<\/span><\/p>\n","protected":false},"excerpt":{"rendered":"<p>Un equipo del futbol ingl\u00e9s tiene deseos de fichar al jugador de Tigres, J\u00fcrgen Damm.<\/p>\n","protected":false},"author":20,"featured_media":479952,"comment_status":"closed","ping_status":"closed","sticky":false,"template":"","format":"standard","meta":[],"categories":[7740,3839,2198,3846,3845,6718],"tags":[1916,64,334,2126,5973],"_links":{"self":[{"href":"http:\/\/desarrollo.grupomedios.com\/futbol\/wp-json\/wp\/v2\/posts\/479951"}],"collection":[{"href":"http:\/\/desarrollo.grupomedios.com\/futbol\/wp-json\/wp\/v2\/posts"}],"about":[{"href":"http:\/\/desarrollo.grupomedios.com\/futbol\/wp-json\/wp\/v2\/types\/post"}],"author":[{"embeddable":true,"href":"http:\/\/desarrollo.grupomedios.com\/futbol\/wp-json\/wp\/v2\/users\/20"}],"replies":[{"embeddable":true,"href":"http:\/\/desarrollo.grupomedios.com\/futbol\/wp-json\/wp\/v2\/comments?post=479951"}],"version-history":[{"count":1,"href":"http:\/\/desarrollo.grupomedios.com\/futbol\/wp-json\/wp\/v2\/posts\/479951\/revisions"}],"predecessor-version":[{"id":479953,"href":"http:\/\/desarrollo.grupomedios.com\/futbol\/wp-json\/wp\/v2\/posts\/479951\/revisions\/479953"}],"wp:featuredmedia":[{"embeddable":true,"href":"http:\/\/desarrollo.grupomedios.com\/futbol\/wp-json\/wp\/v2\/media\/479952"}],"wp:attachment":[{"href":"http:\/\/desarrollo.grupomedios.com\/futbol\/wp-json\/wp\/v2\/media?parent=479951"}],"wp:term":[{"taxonomy":"category","embeddable":true,"href":"http:\/\/desarrollo.grupomedios.com\/futbol\/wp-json\/wp\/v2\/categories?post=479951"},{"taxonomy":"post_tag","embeddable":true,"href":"http:\/\/desarrollo.grupomedios.com\/futbol\/wp-json\/wp\/v2\/tags?post=479951"}],"curies":[{"name":"wp","href":"https:\/\/api.w.org\/{rel}","templated":true}]}}