{"id":479961,"date":"2017-05-21T10:44:26","date_gmt":"2017-05-21T15:44:26","guid":{"rendered":"https:\/\/www.futboltotal.com.mx\/?p=479961"},"modified":"2017-05-21T10:44:26","modified_gmt":"2017-05-21T15:44:26","slug":"brasil-buscarian-quitarle-a-michael-arroyo-al-america","status":"publish","type":"post","link":"http:\/\/desarrollo.grupomedios.com\/futbol\/destacado-home\/brasil-buscarian-quitarle-a-michael-arroyo-al-america\/2017\/05","title":{"rendered":"Desde Brasil buscar\u00edan quitarle a Michael Arroyo al Am\u00e9rica"},"content":{"rendered":"<p>El talento del ecuatoriano <strong>Michael Arroyo<\/strong> no se puede poner en duda y, pese a que en los \u00faltimos a\u00f1os ha alternado titularidad con suplencia en el <strong>Am\u00e9rica<\/strong>, el habilidoso futbolista despierta el inter\u00e9s de otros equipos, ahora siendo el caso un club de <strong>Brasil<\/strong>.<\/p>\n<p>Seg\u00fan reporta GloboEsporte, el\u00a0<strong>Gremio de Porto Alegre<\/strong> est\u00e1 analizando buscar el fichaje de <em><strong>Micky<\/strong><\/em>, quien desde el 2014 juega para las <em><strong>\u00c1guilas<\/strong><\/em> y ha sido fundamental para los azulcremas, incluso marcando goles clave en finales.<\/p>\n<p style=\"text-align: center;\"><a href=\"https:\/\/www.futboltotal.com.mx\/2017\/05\/se-complica-pase-aviles-hurtado-al-america\/\" target=\"_blank\" rel=\"noopener noreferrer\"><span style=\"color: #333399;\">VER M\u00c1S: Se complica el pase de Avil\u00e9s Hurtado al Am\u00e9rica<\/span><\/a><\/p>\n<p><a href=\"https:\/\/www.futboltotal.com.mx\/wp-content\/uploads\/2017\/05\/Michael-Arroyo-Gremio.jpg\"><img decoding=\"async\" loading=\"lazy\" class=\"aligncenter size-large wp-image-479963\" src=\"https:\/\/www.futboltotal.com.mx\/wp-content\/uploads\/2017\/05\/Michael-Arroyo-Gremio-1024x576.jpg\" alt=\"Desde Brasil buscar\u00edan quitarle a Michael Arroyo al Am\u00e9rica 0\" srcset=\"http:\/\/desarrollo.grupomedios.com\/futbol\/wp-content\/uploads\/2017\/05\/Michael-Arroyo-Gremio-1024x576.jpg 1024w, http:\/\/desarrollo.grupomedios.com\/futbol\/wp-content\/uploads\/2017\/05\/Michael-Arroyo-Gremio-300x169.jpg 300w, http:\/\/desarrollo.grupomedios.com\/futbol\/wp-content\/uploads\/2017\/05\/Michael-Arroyo-Gremio-768x432.jpg 768w, http:\/\/desarrollo.grupomedios.com\/futbol\/wp-content\/uploads\/2017\/05\/Michael-Arroyo-Gremio-317x178.jpg 317w, http:\/\/desarrollo.grupomedios.com\/futbol\/wp-content\/uploads\/2017\/05\/Michael-Arroyo-Gremio-535x301.jpg 535w, http:\/\/desarrollo.grupomedios.com\/futbol\/wp-content\/uploads\/2017\/05\/Michael-Arroyo-Gremio-374x210.jpg 374w, http:\/\/desarrollo.grupomedios.com\/futbol\/wp-content\/uploads\/2017\/05\/Michael-Arroyo-Gremio.jpg 1136w\" sizes=\"(max-width: 1024px) 100vw, 1024px\" \/><\/a><\/p>\n<p>Al parecer, desde el interior del club brasile\u00f1o est\u00e1n negando estas versiones, pero se dice que esta estrategia fue la misma que el Gremio utiliz\u00f3 para fichar a <strong>Miller Bola\u00f1os,<\/strong> quien tambi\u00e9n comparte agente con Arroyo.<\/p>\n<p>En caso de concretarse este movimiento, ser\u00eda un duro golpe para el Am\u00e9rica, que est\u00e1 buscando armar un cuadro competitivo para encarar el torneo <strong>Apertura 2017<\/strong> combinando a los futbolistas de peso que tiene actualmente, como Arroyo, adem\u00e1s de refuerzos de probada calidad.<\/p>\n<p style=\"text-align: center;\"><a href=\"https:\/\/www.futboltotal.com.mx\/2017\/05\/cruz-azul-buscaria-robarle-dos-fichajes-al-america\/\" target=\"_blank\" rel=\"noopener noreferrer\"><span style=\"color: #333399;\">VER M\u00c1S: Cruz Azul buscar\u00eda robarle dos fichajes al Am\u00e9rica<\/span><\/a><\/p>\n","protected":false},"excerpt":{"rendered":"<p>Aseguran que un club de Brasil est\u00e1 interesado por Arroyo, jugador del Am\u00e9rica desde 2014.<\/p>\n","protected":false},"author":20,"featured_media":479962,"comment_status":"closed","ping_status":"closed","sticky":false,"template":"","format":"standard","meta":[],"categories":[5,7740,3839,2198,3845],"tags":[5959,2685,64,4775,8625,5474],"_links":{"self":[{"href":"http:\/\/desarrollo.grupomedios.com\/futbol\/wp-json\/wp\/v2\/posts\/479961"}],"collection":[{"href":"http:\/\/desarrollo.grupomedios.com\/futbol\/wp-json\/wp\/v2\/posts"}],"about":[{"href":"http:\/\/desarrollo.grupomedios.com\/futbol\/wp-json\/wp\/v2\/types\/post"}],"author":[{"embeddable":true,"href":"http:\/\/desarrollo.grupomedios.com\/futbol\/wp-json\/wp\/v2\/users\/20"}],"replies":[{"embeddable":true,"href":"http:\/\/desarrollo.grupomedios.com\/futbol\/wp-json\/wp\/v2\/comments?post=479961"}],"version-history":[{"count":1,"href":"http:\/\/desarrollo.grupomedios.com\/futbol\/wp-json\/wp\/v2\/posts\/479961\/revisions"}],"predecessor-version":[{"id":479964,"href":"http:\/\/desarrollo.grupomedios.com\/futbol\/wp-json\/wp\/v2\/posts\/479961\/revisions\/479964"}],"wp:featuredmedia":[{"embeddable":true,"href":"http:\/\/desarrollo.grupomedios.com\/futbol\/wp-json\/wp\/v2\/media\/479962"}],"wp:attachment":[{"href":"http:\/\/desarrollo.grupomedios.com\/futbol\/wp-json\/wp\/v2\/media?parent=479961"}],"wp:term":[{"taxonomy":"category","embeddable":true,"href":"http:\/\/desarrollo.grupomedios.com\/futbol\/wp-json\/wp\/v2\/categories?post=479961"},{"taxonomy":"post_tag","embeddable":true,"href":"http:\/\/desarrollo.grupomedios.com\/futbol\/wp-json\/wp\/v2\/tags?post=479961"}],"curies":[{"name":"wp","href":"https:\/\/api.w.org\/{rel}","templated":true}]}}