{"id":479965,"date":"2017-05-21T11:07:47","date_gmt":"2017-05-21T16:07:47","guid":{"rendered":"https:\/\/www.futboltotal.com.mx\/?p=479965"},"modified":"2017-05-21T11:08:28","modified_gmt":"2017-05-21T16:08:28","slug":"rafa-puente-jr-lobos-buap-tuvo-huevos-ahora-liga-mx","status":"publish","type":"post","link":"http:\/\/desarrollo.grupomedios.com\/futbol\/futbol-mexicano\/rafa-puente-jr-lobos-buap-tuvo-huevos-ahora-liga-mx\/2017\/05","title":{"rendered":"Rafa Puente Jr.: &#8220;Lobos BUAP tuvo huevos&#8230; y ahora a la Liga MX&#8221;"},"content":{"rendered":"<p>Los <strong>Lobos BUAP<\/strong> ya son equipo de Liga MX, luego de que tras una dram\u00e1tica final de vuelta <a href=\"https:\/\/www.futboltotal.com.mx\/2017\/05\/resultado-final-de-ascenso-dorados-2-2-lobos-buap\/\" target=\"_blank\" rel=\"noopener noreferrer\"><span style=\"color: #333399;\">empataran con <strong>Dorados<\/strong>\u00a0por 2-2 y se impusieran por 3-2 en el marcador global<\/span><\/a> de la mano del joven t\u00e9cnico <strong>Rafa Puente Jr<\/strong>.<\/p>\n<p>&#8220;Hab\u00eda que entender y demostramos en toda la eliminatoria que somos el mejor equipo, y hab\u00eda que tener el bal\u00f3n y al final tuvieron car\u00e1cter, temple madurez, huevos y ahora estamos en donde quer\u00edamos estar&#8221;, confes\u00f3\u00a0el t\u00e9cnico del cuadro poblano al t\u00e9rmino de la final.<\/p>\n<p>&#8220;Lo hicimos con car\u00e1cter, con madurez, con temple y coraz\u00f3n que es lo m\u00e1s importante. De verdad no saben lo que mi mujer estuvo dispuesta a dejar para acompa\u00f1arme en el sue\u00f1o, mi pap\u00e1 (<strong>Rafael Puente<\/strong>, ex futbolista y analista de ESPN) siempre apoy\u00e1ndome, y a la directiva que confi\u00f3 en m\u00ed&#8221;, dijo un emotivo Puente.<\/p>\n<p style=\"text-align: center;\"><a href=\"https:\/\/www.futboltotal.com.mx\/2017\/05\/los-memes-la-final-ascenso-a-liga-mx\/\" target=\"_blank\" rel=\"noopener noreferrer\"><span style=\"color: #333399;\">VER M\u00c1S: Los memes de la final por el Ascenso a Liga MX<\/span><\/a><\/p>\n<p>Las circunstancias de Lobos BUAP previo a que Puente Jr. tomara las riendas del club, siendo su primera experiencia como entrenador, no eran nada alentadoras, pero el t\u00e9cnico revivi\u00f3 al equipo y en menos de seis meses lo llev\u00f3 al ascenso.<\/p>\n<p>&#8220;Cuando me presentaron en la primera charla que tuve con ellos yo les dije &#8216;yo voy a estar en primera, el que quiera estar conmigo bienvenido a este barco&#8217; y afortunadamente todos quisieron estar en ese barco y hoy por el esfuerzo de ellos gracias a Dios as\u00ed estamos&#8221;, a\u00f1adi\u00f3 el entrenador del nuevo club de la Liga MX.<\/p>\n<p style=\"text-align: center;\"><a href=\"https:\/\/www.futboltotal.com.mx\/2017\/05\/inter-milan-barcelona-miguel-layun\/\" target=\"_blank\" rel=\"noopener noreferrer\"><span style=\"color: #333399;\">VER M\u00c1S: \u00bfInter de Mil\u00e1n o Barcelona, el futuro de Miguel Lay\u00fan?<\/span><\/a><\/p>\n<p>&nbsp;<\/p>\n<blockquote class=\"twitter-video\" data-lang=\"es\">\n<p dir=\"ltr\" lang=\"es\">Mentalidad de un campe\u00f3n &#8220;A trabajar duro, porque ah\u00ed me quedo (1a Divisi\u00f3n) y nadie me regresa&#8221; <a href=\"https:\/\/twitter.com\/rafaelpuente\">@rafaelpuente<\/a><\/p>\n<p><a href=\"https:\/\/t.co\/6XgY37sdb1\">pic.twitter.com\/6XgY37sdb1<\/a><\/p>\n<p>\u2014 Koke Valle (@JmnzValle) <a href=\"https:\/\/twitter.com\/JmnzValle\/status\/866318972458680322\">21 de mayo de 2017<\/a><\/p><\/blockquote>\n<p><script async src=\"\/\/platform.twitter.com\/widgets.js\" charset=\"utf-8\"><\/script><\/p>\n","protected":false},"excerpt":{"rendered":"<p>Rafael Puente Jr. logr\u00f3 su sue\u00f1o, llevar a Lobos BUAP a la Liga MX.<\/p>\n","protected":false},"author":20,"featured_media":479966,"comment_status":"closed","ping_status":"closed","sticky":false,"template":"","format":"standard","meta":[],"categories":[3843,2198,3845],"tags":[432,759,1752,64,431,8626],"_links":{"self":[{"href":"http:\/\/desarrollo.grupomedios.com\/futbol\/wp-json\/wp\/v2\/posts\/479965"}],"collection":[{"href":"http:\/\/desarrollo.grupomedios.com\/futbol\/wp-json\/wp\/v2\/posts"}],"about":[{"href":"http:\/\/desarrollo.grupomedios.com\/futbol\/wp-json\/wp\/v2\/types\/post"}],"author":[{"embeddable":true,"href":"http:\/\/desarrollo.grupomedios.com\/futbol\/wp-json\/wp\/v2\/users\/20"}],"replies":[{"embeddable":true,"href":"http:\/\/desarrollo.grupomedios.com\/futbol\/wp-json\/wp\/v2\/comments?post=479965"}],"version-history":[{"count":2,"href":"http:\/\/desarrollo.grupomedios.com\/futbol\/wp-json\/wp\/v2\/posts\/479965\/revisions"}],"predecessor-version":[{"id":479968,"href":"http:\/\/desarrollo.grupomedios.com\/futbol\/wp-json\/wp\/v2\/posts\/479965\/revisions\/479968"}],"wp:featuredmedia":[{"embeddable":true,"href":"http:\/\/desarrollo.grupomedios.com\/futbol\/wp-json\/wp\/v2\/media\/479966"}],"wp:attachment":[{"href":"http:\/\/desarrollo.grupomedios.com\/futbol\/wp-json\/wp\/v2\/media?parent=479965"}],"wp:term":[{"taxonomy":"category","embeddable":true,"href":"http:\/\/desarrollo.grupomedios.com\/futbol\/wp-json\/wp\/v2\/categories?post=479965"},{"taxonomy":"post_tag","embeddable":true,"href":"http:\/\/desarrollo.grupomedios.com\/futbol\/wp-json\/wp\/v2\/tags?post=479965"}],"curies":[{"name":"wp","href":"https:\/\/api.w.org\/{rel}","templated":true}]}}