{"id":479989,"date":"2017-05-21T13:51:01","date_gmt":"2017-05-21T18:51:01","guid":{"rendered":"https:\/\/www.futboltotal.com.mx\/?p=479989"},"modified":"2017-05-21T13:52:03","modified_gmt":"2017-05-21T18:52:03","slug":"simeone-no-va-del-atletico-madrid","status":"publish","type":"post","link":"http:\/\/desarrollo.grupomedios.com\/futbol\/futbol-internacional\/simeone-no-va-del-atletico-madrid\/2017\/05","title":{"rendered":"Simeone define su futuro con Atl\u00e9tico de Madrid"},"content":{"rendered":"<p>El entrenador del <strong>Atl\u00e9tico de Madrid<\/strong>, <strong>Diego Simeone<\/strong>, asegur\u00f3 este domingo, tras la victoria de su equipo ante el Athletic (3-1) en el \u00faltimo partido de Liga del estadio Vicente Calder\u00f3n, que &#8220;s\u00ed&#8221; se va a quedar en el club <em>rojiblanco<\/em> porque &#8220;tiene futuro&#8221;.<\/p>\n<blockquote><p>&#8220;Los periodistas me preguntan continuamente si me voy a quedar: s\u00ed, me voy a quedar. \u00bfY saben por qu\u00e9 me voy a quedar? Porque este club tiene futuro, el futuro somos nosotros&#8221;, asegur\u00f3 Simeone en los discursos durante los actos conmemorativos de los 51 a\u00f1os del estadio del Manzanares.<\/p><\/blockquote>\n<p style=\"text-align: center;\"><a href=\"https:\/\/www.futboltotal.com.mx\/2017\/05\/griezmann-define-atletico-sin-diego-simeone\/\"><span style=\"color: #3366ff;\">VER M\u00c1S: Griezmann no quiere salir del Atl\u00e9tico de Madrid<\/span><\/a><\/p>\n<p>El actual entrenador del Atl\u00e9tico, que tom\u00f3 la palabra despu\u00e9s del exdelantero Jos\u00e9 Eulogio G\u00e1rate y del actual capit\u00e1n rojiblanco, Gabi Fern\u00e1ndez, agradeci\u00f3 &#8220;a todos los que han pasado por este campo de juego&#8221; y a todos los que han construido en estos a\u00f1os &#8220;un maravilloso momento&#8221;.<\/p>\n<blockquote><p>&#8220;Para ustedes la palabra sentimiento es algo muy profundo. Los dem\u00e1s equipos pueden tener m\u00e1s dinero, alguna copa m\u00e1s que nosotros, pero nunca van a poder igualar el sentimiento que tienen ustedes por este club&#8221;, a\u00f1adi\u00f3 el t\u00e9cnico argentino, aplaudido por la afici\u00f3n en su discurso.<\/p><\/blockquote>\n","protected":false},"excerpt":{"rendered":"<p>El Cholo dio una contundente respuesta tras su \u00faltima victoria en el Calder\u00f3n.<\/p>\n","protected":false},"author":20,"featured_media":479999,"comment_status":"closed","ping_status":"closed","sticky":false,"template":"","format":"standard","meta":[],"categories":[3839,3844,5951],"tags":[6007,1384,76],"_links":{"self":[{"href":"http:\/\/desarrollo.grupomedios.com\/futbol\/wp-json\/wp\/v2\/posts\/479989"}],"collection":[{"href":"http:\/\/desarrollo.grupomedios.com\/futbol\/wp-json\/wp\/v2\/posts"}],"about":[{"href":"http:\/\/desarrollo.grupomedios.com\/futbol\/wp-json\/wp\/v2\/types\/post"}],"author":[{"embeddable":true,"href":"http:\/\/desarrollo.grupomedios.com\/futbol\/wp-json\/wp\/v2\/users\/20"}],"replies":[{"embeddable":true,"href":"http:\/\/desarrollo.grupomedios.com\/futbol\/wp-json\/wp\/v2\/comments?post=479989"}],"version-history":[{"count":3,"href":"http:\/\/desarrollo.grupomedios.com\/futbol\/wp-json\/wp\/v2\/posts\/479989\/revisions"}],"predecessor-version":[{"id":480002,"href":"http:\/\/desarrollo.grupomedios.com\/futbol\/wp-json\/wp\/v2\/posts\/479989\/revisions\/480002"}],"wp:featuredmedia":[{"embeddable":true,"href":"http:\/\/desarrollo.grupomedios.com\/futbol\/wp-json\/wp\/v2\/media\/479999"}],"wp:attachment":[{"href":"http:\/\/desarrollo.grupomedios.com\/futbol\/wp-json\/wp\/v2\/media?parent=479989"}],"wp:term":[{"taxonomy":"category","embeddable":true,"href":"http:\/\/desarrollo.grupomedios.com\/futbol\/wp-json\/wp\/v2\/categories?post=479989"},{"taxonomy":"post_tag","embeddable":true,"href":"http:\/\/desarrollo.grupomedios.com\/futbol\/wp-json\/wp\/v2\/tags?post=479989"}],"curies":[{"name":"wp","href":"https:\/\/api.w.org\/{rel}","templated":true}]}}