{"id":480011,"date":"2017-05-21T15:34:25","date_gmt":"2017-05-21T20:34:25","guid":{"rendered":"https:\/\/www.futboltotal.com.mx\/?p=480011"},"modified":"2017-05-21T22:48:59","modified_gmt":"2017-05-22T03:48:59","slug":"resultado-la-liga-malaga-0-2-real-madrid","status":"publish","type":"post","link":"http:\/\/desarrollo.grupomedios.com\/futbol\/destacado-home\/resultado-la-liga-malaga-0-2-real-madrid\/2017\/05","title":{"rendered":"Real Madrid, el REY de la Liga"},"content":{"rendered":"<p>El <strong>Real Madrid<\/strong> se proclam\u00f3 campe\u00f3n de Liga cinco a\u00f1os despu\u00e9s, su trig\u00e9sima tercera y la primera de Zinedine Zidane, poniendo el broche con goles de Cristiano Ronaldo y Karim Benzema en La Rosaleda, ante un M\u00e1laga que nunca especul\u00f3 (0-2).<\/p>\n<p>El <strong>Real Madrid<\/strong> cerr\u00f3 su gran Liga con actitud, cumpliendo el mensaje preferido de Zidane: salir con intensidad para evitar sufrimientos y nerviosismo. Marcando pronto para superar r\u00e9cords propios, anotando en todas las jornadas y obteniendo m\u00e1s puntos a domicilio que en el Santiago Bernab\u00e9u.<\/p>\n<p style=\"text-align: center;\"><span style=\"color: #3366ff;\"><a style=\"color: #3366ff;\" href=\"https:\/\/en-vivo.futboltotal.com.mx\/partido\/malaga-vs-real-madrid-liga-de-espana-jornada-38\/101\/\">VER M\u00c1S: As\u00ed se vivi\u00f3: M\u00e1laga 0-2 Real Madrid<\/a><\/span><\/p>\n<p>Necesitaron solo dos minutos para quitar la emoci\u00f3n. Un error en el despeje de Luis Hern\u00e1ndez se convirti\u00f3 en peligro cuando el bal\u00f3n le cay\u00f3 a Isco, en estado de gracia. Su visi\u00f3n al espacio dej\u00f3 solo a Cristiano Ronaldo, que super\u00f3 con facilidad la salida de Kameni y volvi\u00f3 a marcar un tanto decisivo. Su n\u00famero 25 en Liga, el 40 de la temporada con un final perfecto fruto del descanso medido.<\/p>\n<p>El escenario era el so\u00f1ado para el <strong>Real Madrid<\/strong>, que encontr\u00f3 a un M\u00e1laga combativo que defendi\u00f3 siempre su honor. El mismo gusto por el bal\u00f3n que su t\u00e9cnico, M\u00edchel, mostraba sobre el c\u00e9sped defendiendo el escudo madridista.<\/p>\n<blockquote class=\"twitter-video\" data-lang=\"es\">\n<p dir=\"ltr\" lang=\"en\">Cristiano Ronaldo. Man has delivered all season long for <a href=\"https:\/\/twitter.com\/hashtag\/RealMadrid?src=hash\">#RealMadrid<\/a> <a href=\"https:\/\/twitter.com\/hashtag\/HalaMadrid?src=hash\">#HalaMadrid<\/a> <a href=\"https:\/\/twitter.com\/hashtag\/LaLiga?src=hash\">#LaLiga<\/a> <a href=\"https:\/\/twitter.com\/hashtag\/RMLiga?src=hash\">#RMLiga<\/a> <a href=\"https:\/\/twitter.com\/hashtag\/Ronaldo?src=hash\">#Ronaldo<\/a> <a href=\"https:\/\/t.co\/dHluQefYa5\">pic.twitter.com\/dHluQefYa5<\/a>&#8220;<\/p>\n<p>\u2014 Louis Chiemelu Esq. (@ebubelouis) <a href=\"https:\/\/twitter.com\/ebubelouis\/status\/866377745621766145\">21 de mayo de 2017<\/a><\/p><\/blockquote>\n<p><script async src=\"\/\/platform.twitter.com\/widgets.js\" charset=\"utf-8\"><\/script><\/p>\n<p>Con Casemiro sin cansarse de robar, Isco de construir, Kroos de aparecer con llegada el Real Madrid insisti\u00f3. En tres ocasiones busc\u00f3 el gol pero se top\u00f3 con Kameni. Benzema lo acariciaba con un disparo cruzado en una de sus pocas apariciones, y en contra de Isco, buscaba el remate de Cristiano para la sentencia, pero nuevamente respond\u00eda bien el portero camerun\u00e9s.<\/p>\n<p>Con espacios pod\u00eda sentenciar el Real Madrid en cualquier acci\u00f3n, pero la sentencia lleg\u00f3 con un saque de esquina, c\u00f3mo no. La sociedad Kroos-Ramos volvi\u00f3 a escena pero en esta ocasi\u00f3n el remate del sevillano no acab\u00f3 en la red y fue Benzema el que marc\u00f3 a placer tras el rechace de Kameni, ante la protesta por su posici\u00f3n.<\/p>\n<blockquote class=\"twitter-video\" data-lang=\"es\">\n<p dir=\"ltr\" lang=\"es\">El 2\u00ba de <a href=\"https:\/\/twitter.com\/realmadrid\">@realmadrid<\/a> marcado por <a href=\"https:\/\/twitter.com\/Benzema\">@Benzema<\/a>.<br \/>\n<a href=\"https:\/\/t.co\/wuDCs92FmZ\">pic.twitter.com\/wuDCs92FmZ<\/a><\/p>\n<p>\u2014 Deporticos (@Deporticoscr) <a href=\"https:\/\/twitter.com\/Deporticoscr\/status\/866374983324504066\">21 de mayo de 2017<\/a><\/p><\/blockquote>\n<p><script async src=\"\/\/platform.twitter.com\/widgets.js\" charset=\"utf-8\"><\/script><\/p>\n<p>Isco se march\u00f3 ovacionado por las dos aficiones en su casa, James sal\u00eda para sus \u00faltimos minutos en Liga con el Real Madrid y asist\u00eda a Benzema que le anulaban el tercero por posici\u00f3n ilegal. Llegaba el turno de Morata que con el partido roto no pudo superar a Kameni que evitaba el tanto de Modric.<\/p>\n<p>La Liga ya era de un equipo que lidera Zidane. El campeonato de los goles salvadores de Ramos, la magia de Isco y la pegada como nueve de Cristiano.<\/p>\n<blockquote class=\"twitter-video\" data-lang=\"es\">\n<p dir=\"ltr\" lang=\"en\">&#x1f3c6; WE ARE THE CHAMPIONS!<a href=\"https:\/\/twitter.com\/hashtag\/33Ligas?src=hash\">#33Ligas<\/a> <a href=\"https:\/\/twitter.com\/hashtag\/HalaMadrid?src=hash\">#HalaMadrid<\/a> <a href=\"https:\/\/t.co\/j2l7t6upRo\">pic.twitter.com\/j2l7t6upRo<\/a><\/p>\n<p>\u2014 CHAMPIONS! &#x1f3c6; (@realmadriden) <a href=\"https:\/\/twitter.com\/realmadriden\/status\/866385025431818240\">21 de mayo de 2017<\/a><\/p><\/blockquote>\n<p><script async src=\"\/\/platform.twitter.com\/widgets.js\" charset=\"utf-8\"><\/script><\/p>\n","protected":false},"excerpt":{"rendered":"<p>Los Merengues desbancan al Bar\u00e7a y conquistan su 33\u00ba t\u00edtulo liguero.<\/p>\n","protected":false},"author":20,"featured_media":480019,"comment_status":"closed","ping_status":"closed","sticky":false,"template":"","format":"standard","meta":[],"categories":[5,3839,3844],"tags":[76,5988],"_links":{"self":[{"href":"http:\/\/desarrollo.grupomedios.com\/futbol\/wp-json\/wp\/v2\/posts\/480011"}],"collection":[{"href":"http:\/\/desarrollo.grupomedios.com\/futbol\/wp-json\/wp\/v2\/posts"}],"about":[{"href":"http:\/\/desarrollo.grupomedios.com\/futbol\/wp-json\/wp\/v2\/types\/post"}],"author":[{"embeddable":true,"href":"http:\/\/desarrollo.grupomedios.com\/futbol\/wp-json\/wp\/v2\/users\/20"}],"replies":[{"embeddable":true,"href":"http:\/\/desarrollo.grupomedios.com\/futbol\/wp-json\/wp\/v2\/comments?post=480011"}],"version-history":[{"count":7,"href":"http:\/\/desarrollo.grupomedios.com\/futbol\/wp-json\/wp\/v2\/posts\/480011\/revisions"}],"predecessor-version":[{"id":480126,"href":"http:\/\/desarrollo.grupomedios.com\/futbol\/wp-json\/wp\/v2\/posts\/480011\/revisions\/480126"}],"wp:featuredmedia":[{"embeddable":true,"href":"http:\/\/desarrollo.grupomedios.com\/futbol\/wp-json\/wp\/v2\/media\/480019"}],"wp:attachment":[{"href":"http:\/\/desarrollo.grupomedios.com\/futbol\/wp-json\/wp\/v2\/media?parent=480011"}],"wp:term":[{"taxonomy":"category","embeddable":true,"href":"http:\/\/desarrollo.grupomedios.com\/futbol\/wp-json\/wp\/v2\/categories?post=480011"},{"taxonomy":"post_tag","embeddable":true,"href":"http:\/\/desarrollo.grupomedios.com\/futbol\/wp-json\/wp\/v2\/tags?post=480011"}],"curies":[{"name":"wp","href":"https:\/\/api.w.org\/{rel}","templated":true}]}}