{"id":480069,"date":"2017-05-21T17:53:13","date_gmt":"2017-05-21T22:53:13","guid":{"rendered":"https:\/\/www.futboltotal.com.mx\/?p=480069"},"modified":"2017-05-21T17:53:13","modified_gmt":"2017-05-21T22:53:13","slug":"keylor-navas-se-rapo-dedico-titulo-a-ninos-cancer","status":"publish","type":"post","link":"http:\/\/desarrollo.grupomedios.com\/futbol\/futbol-internacional\/liga-de-espana\/keylor-navas-se-rapo-dedico-titulo-a-ninos-cancer\/2017\/05","title":{"rendered":"Keylor Navas se rap\u00f3 y dedic\u00f3 el t\u00edtulo a ni\u00f1os con c\u00e1ncer"},"content":{"rendered":"<p>El costarricense<strong> Keylor Navas<\/strong>, guardameta del Real Madrid, se rap\u00f3 la cabeza tras la consecuci\u00f3n del t\u00edtulo de Liga en M\u00e1laga en homenaje a los ni\u00f1os que luchan contra el c\u00e1ncer.<\/p>\n<blockquote><p>&#8220;Me cort\u00e9 el pelo por los ni\u00f1os que luchan contra el c\u00e1ncer en el hospital. Por sus familias, para que sigan luchando&#8221;, dijo a los medios en la zona mixta de La Rosaleda, donde se impuso el conjunto de Zinedine Zidane por 2-0 y logr\u00f3 su trig\u00e9simo tercer t\u00edtulo liguero.<\/p>\n<p style=\"text-align: center;\"><span style=\"color: #3366ff;\"><a style=\"color: #3366ff;\" href=\"https:\/\/www.futboltotal.com.mx\/2017\/05\/zidane-se-lleva-bano-champagne-en-plena-conferencia\/\">VER M\u00c1S: Zidane recibe ba\u00f1o de Champagne en plena conferencia<\/a><\/span><\/p>\n<\/blockquote>\n<p><strong>Keylor Navas<\/strong>, quien asegur\u00f3 que su intenci\u00f3n es continuar en el conjunto blanco la pr\u00f3xima temporada, precis\u00f3 que le hab\u00eda dicho a Dios que si ganaban un t\u00edtulo se lo dedicaba a los ni\u00f1os y as\u00ed hizo en el mismo vestuario del club malaguista.<\/p>\n","protected":false},"excerpt":{"rendered":"<p>El arquero costarricense asegur\u00f3 que desea permanecer en el Real Madrid.<\/p>\n","protected":false},"author":20,"featured_media":480070,"comment_status":"closed","ping_status":"closed","sticky":false,"template":"","format":"standard","meta":[],"categories":[3844],"tags":[5590,5988],"_links":{"self":[{"href":"http:\/\/desarrollo.grupomedios.com\/futbol\/wp-json\/wp\/v2\/posts\/480069"}],"collection":[{"href":"http:\/\/desarrollo.grupomedios.com\/futbol\/wp-json\/wp\/v2\/posts"}],"about":[{"href":"http:\/\/desarrollo.grupomedios.com\/futbol\/wp-json\/wp\/v2\/types\/post"}],"author":[{"embeddable":true,"href":"http:\/\/desarrollo.grupomedios.com\/futbol\/wp-json\/wp\/v2\/users\/20"}],"replies":[{"embeddable":true,"href":"http:\/\/desarrollo.grupomedios.com\/futbol\/wp-json\/wp\/v2\/comments?post=480069"}],"version-history":[{"count":1,"href":"http:\/\/desarrollo.grupomedios.com\/futbol\/wp-json\/wp\/v2\/posts\/480069\/revisions"}],"predecessor-version":[{"id":480071,"href":"http:\/\/desarrollo.grupomedios.com\/futbol\/wp-json\/wp\/v2\/posts\/480069\/revisions\/480071"}],"wp:featuredmedia":[{"embeddable":true,"href":"http:\/\/desarrollo.grupomedios.com\/futbol\/wp-json\/wp\/v2\/media\/480070"}],"wp:attachment":[{"href":"http:\/\/desarrollo.grupomedios.com\/futbol\/wp-json\/wp\/v2\/media?parent=480069"}],"wp:term":[{"taxonomy":"category","embeddable":true,"href":"http:\/\/desarrollo.grupomedios.com\/futbol\/wp-json\/wp\/v2\/categories?post=480069"},{"taxonomy":"post_tag","embeddable":true,"href":"http:\/\/desarrollo.grupomedios.com\/futbol\/wp-json\/wp\/v2\/tags?post=480069"}],"curies":[{"name":"wp","href":"https:\/\/api.w.org\/{rel}","templated":true}]}}